{"id":1172,"date":"2015-09-07T20:42:39","date_gmt":"2015-09-07T20:42:39","guid":{"rendered":"http:\/\/arrierescene.com\/?p=1172\/"},"modified":"2017-08-02T19:55:18","modified_gmt":"2017-08-02T19:55:18","slug":"jeunesse-et-maturite12","status":"publish","type":"post","link":"https:\/\/stephanetetreault.com\/fr\/jeunesse-et-maturite12\/","title":{"rendered":"St\u00e9phane T\u00e9treault et Marie-\u00c8ve Scarfone : jeunesse et maturit\u00e9 <i class=\"fa fa-star\" aria-hidden=\"true\"><\/i><i class=\"fa fa-star\" aria-hidden=\"true\"><\/i><i class=\"fa fa-star\" aria-hidden=\"true\"><\/i><i class=\"fa fa-star\" aria-hidden=\"true\"><\/i>1\/2"},"content":{"rendered":"<div class=\"wpb-content-wrapper\"><p>[vc_row][vc_column][vc_column_text]<\/p>\n<p style=\"text-align: right;\"><strong>Richard Boivert<\/strong>, <em>Le Soleil<\/em><\/p>\n<p><strong>La maturit\u00e9 musicale du jeune violoncelliste St\u00e9phane T\u00e9treault se constate comme une \u00e9vidence sur cet enregistrement r\u00e9alis\u00e9 en \u00e9troite complicit\u00e9 avec la pianiste Marie-\u00c8ve Scarfone. Le mouvement g\u00e9n\u00e9ral poss\u00e8de un souffle, une souplesse et une libert\u00e9 remarquables.<\/strong><\/p>\n<p>L&rsquo;<em>Adagio<\/em> initial du <em>Divertimento<\/em> de Haydn s&rsquo;\u00e9panouit comme une fleur, dans la gr\u00e2ce et la patience. Entre la premi\u00e8re et la derni\u00e8re mesure, la m\u00e9lodie se d\u00e9roule en une seule et m\u00eame phrase, ample et magnifique. Au-dessus de l&rsquo;accompagnement l\u00e9ger et s\u00fbr du piano s&rsquo;\u00e9l\u00e8ve la voix tendre et compatissante du violoncelle. La m\u00eame sensibilit\u00e9 marque l&rsquo;interpr\u00e9tation de l&rsquo;<em>Arpeggione<\/em> de Schubert.<\/p>\n<p>La pr\u00e9cision du jeu, d\u00e9velopp\u00e9 dans une grande vari\u00e9t\u00e9 de teintes, tient presque du miracle. L&rsquo;\u00e9lan qu&rsquo;on per\u00e7oit dans la <em>Sonate no 1<\/em> de Brahms n&rsquo;est pas moins convaincant. Du grave incarn\u00e9 \u00e0 l&rsquo;aigu \u00e9tincelant, l&rsquo;interpr\u00e9tation est port\u00e9e par un ardent lyrisme.<\/p>\n<p>Lire sur <strong><a href=\"http:\/\/www.lapresse.ca\/le-soleil\/arts\/disques\/201509\/07\/01-4898391-stephane-tetreault-et-marie-eve-scarfone-jeunesse-et-maturite12.php\" target=\"_blank\" rel=\"noopener noreferrer\">Le Soleil<\/a><\/strong>[\/vc_column_text][\/vc_column][\/vc_row]<\/p>\n<\/div>","protected":false},"excerpt":{"rendered":"<p>La maturit\u00e9 musicale du jeune violoncelliste St\u00e9phane T\u00e9treault se constate comme une \u00e9vidence sur cet enregistrement&#8230;<\/p>\n<p><b>Richard Boivert<\/b>, <i>Le Soleil<\/i><\/p>\n","protected":false},"author":3,"featured_media":2660,"comment_status":"closed","ping_status":"closed","sticky":false,"template":"","format":"standard","meta":{"inline_featured_image":false,"mc4wp_mailchimp_campaign":[],"footnotes":""},"categories":[141],"tags":[],"class_list":["post-1172","post","type-post","status-publish","format-standard","has-post-thumbnail","hentry","category-critiques"],"yoast_head":"<!-- This site is optimized with the Yoast SEO plugin v27.4 - https:\/\/yoast.com\/product\/yoast-seo-wordpress\/ -->\n<title>St\u00e9phane T\u00e9treault et Marie-\u00c8ve Scarfone : jeunesse et maturit\u00e9 1\/2 - St\u00e9phane T\u00e9treault violoncelliste<\/title>\n<meta name=\"description\" content=\"La maturit\u00e9 musicale du jeune violoncelliste St\u00e9phane T\u00e9treault se constate comme une \u00e9vidence sur cet enregistrement...  Richard Boivert, Le Soleil\" \/>\n<meta name=\"robots\" content=\"index, follow, max-snippet:-1, max-image-preview:large, max-video-preview:-1\" \/>\n<link rel=\"canonical\" href=\"https:\/\/stephanetetreault.com\/fr\/jeunesse-et-maturite12\/\" \/>\n<meta property=\"og:locale\" content=\"fr_FR\" \/>\n<meta property=\"og:type\" content=\"article\" \/>\n<meta property=\"og:title\" content=\"St\u00e9phane T\u00e9treault et Marie-\u00c8ve Scarfone : jeunesse et maturit\u00e9 1\/2 - St\u00e9phane T\u00e9treault violoncelliste\" \/>\n<meta property=\"og:description\" content=\"La maturit\u00e9 musicale du jeune violoncelliste St\u00e9phane T\u00e9treault se constate comme une \u00e9vidence sur cet enregistrement...  Richard Boivert, Le Soleil\" \/>\n<meta property=\"og:url\" content=\"https:\/\/stephanetetreault.com\/fr\/jeunesse-et-maturite12\/\" \/>\n<meta property=\"og:site_name\" content=\"St\u00e9phane T\u00e9treault violoncelliste\" \/>\n<meta property=\"article:publisher\" content=\"https:\/\/www.facebook.com\/stephanecello\" \/>\n<meta property=\"article:published_time\" content=\"2015-09-07T20:42:39+00:00\" \/>\n<meta property=\"article:modified_time\" content=\"2017-08-02T19:55:18+00:00\" \/>\n<meta property=\"og:image\" content=\"https:\/\/stephanetetreault.com\/wp-content\/uploads\/2015\/09\/ici_musique.jpg\" \/>\n\t<meta property=\"og:image:width\" content=\"453\" \/>\n\t<meta property=\"og:image:height\" content=\"298\" \/>\n\t<meta property=\"og:image:type\" content=\"image\/jpeg\" \/>\n<meta name=\"author\" content=\"Stephane Tetreault\" \/>\n<meta name=\"twitter:card\" content=\"summary_large_image\" \/>\n<meta name=\"twitter:creator\" content=\"@stephanecello\" \/>\n<meta name=\"twitter:site\" content=\"@stephanecello\" \/>\n<meta name=\"twitter:label1\" content=\"\u00c9crit par\" \/>\n\t<meta name=\"twitter:data1\" content=\"Stephane Tetreault\" \/>\n\t<meta name=\"twitter:label2\" content=\"Dur\u00e9e de lecture estim\u00e9e\" \/>\n\t<meta name=\"twitter:data2\" content=\"1 minute\" \/>\n<script type=\"application\/ld+json\" class=\"yoast-schema-graph\">{\"@context\":\"https:\\\/\\\/schema.org\",\"@graph\":[{\"@type\":\"Article\",\"@id\":\"https:\\\/\\\/stephanetetreault.com\\\/fr\\\/jeunesse-et-maturite12\\\/#article\",\"isPartOf\":{\"@id\":\"https:\\\/\\\/stephanetetreault.com\\\/fr\\\/jeunesse-et-maturite12\\\/\"},\"author\":{\"name\":\"Stephane Tetreault\",\"@id\":\"https:\\\/\\\/stephanetetreault.com\\\/fr\\\/#\\\/schema\\\/person\\\/a862d4025fe72c613b5eee2246a90824\"},\"headline\":\"St\u00e9phane T\u00e9treault et Marie-\u00c8ve Scarfone : jeunesse et maturit\u00e9 1\\\/2\",\"datePublished\":\"2015-09-07T20:42:39+00:00\",\"dateModified\":\"2017-08-02T19:55:18+00:00\",\"mainEntityOfPage\":{\"@id\":\"https:\\\/\\\/stephanetetreault.com\\\/fr\\\/jeunesse-et-maturite12\\\/\"},\"wordCount\":206,\"publisher\":{\"@id\":\"https:\\\/\\\/stephanetetreault.com\\\/fr\\\/#organization\"},\"image\":{\"@id\":\"https:\\\/\\\/stephanetetreault.com\\\/fr\\\/jeunesse-et-maturite12\\\/#primaryimage\"},\"thumbnailUrl\":\"https:\\\/\\\/stephanetetreault.com\\\/wp-content\\\/uploads\\\/2015\\\/09\\\/ici_musique.jpg\",\"articleSection\":[\"Critiques\"],\"inLanguage\":\"fr-FR\"},{\"@type\":\"WebPage\",\"@id\":\"https:\\\/\\\/stephanetetreault.com\\\/fr\\\/jeunesse-et-maturite12\\\/\",\"url\":\"https:\\\/\\\/stephanetetreault.com\\\/fr\\\/jeunesse-et-maturite12\\\/\",\"name\":\"St\u00e9phane T\u00e9treault et Marie-\u00c8ve Scarfone : jeunesse et maturit\u00e9 1\\\/2 - St\u00e9phane T\u00e9treault violoncelliste\",\"isPartOf\":{\"@id\":\"https:\\\/\\\/stephanetetreault.com\\\/fr\\\/#website\"},\"primaryImageOfPage\":{\"@id\":\"https:\\\/\\\/stephanetetreault.com\\\/fr\\\/jeunesse-et-maturite12\\\/#primaryimage\"},\"image\":{\"@id\":\"https:\\\/\\\/stephanetetreault.com\\\/fr\\\/jeunesse-et-maturite12\\\/#primaryimage\"},\"thumbnailUrl\":\"https:\\\/\\\/stephanetetreault.com\\\/wp-content\\\/uploads\\\/2015\\\/09\\\/ici_musique.jpg\",\"datePublished\":\"2015-09-07T20:42:39+00:00\",\"dateModified\":\"2017-08-02T19:55:18+00:00\",\"description\":\"La maturit\u00e9 musicale du jeune violoncelliste St\u00e9phane T\u00e9treault se constate comme une \u00e9vidence sur cet enregistrement... Richard Boivert, Le Soleil\",\"breadcrumb\":{\"@id\":\"https:\\\/\\\/stephanetetreault.com\\\/fr\\\/jeunesse-et-maturite12\\\/#breadcrumb\"},\"inLanguage\":\"fr-FR\",\"potentialAction\":[{\"@type\":\"ReadAction\",\"target\":[\"https:\\\/\\\/stephanetetreault.com\\\/fr\\\/jeunesse-et-maturite12\\\/\"]}]},{\"@type\":\"ImageObject\",\"inLanguage\":\"fr-FR\",\"@id\":\"https:\\\/\\\/stephanetetreault.com\\\/fr\\\/jeunesse-et-maturite12\\\/#primaryimage\",\"url\":\"https:\\\/\\\/stephanetetreault.com\\\/wp-content\\\/uploads\\\/2015\\\/09\\\/ici_musique.jpg\",\"contentUrl\":\"https:\\\/\\\/stephanetetreault.com\\\/wp-content\\\/uploads\\\/2015\\\/09\\\/ici_musique.jpg\",\"width\":453,\"height\":298},{\"@type\":\"BreadcrumbList\",\"@id\":\"https:\\\/\\\/stephanetetreault.com\\\/fr\\\/jeunesse-et-maturite12\\\/#breadcrumb\",\"itemListElement\":[{\"@type\":\"ListItem\",\"position\":1,\"name\":\"Home\",\"item\":\"https:\\\/\\\/stephanetetreault.com\\\/fr\\\/\"},{\"@type\":\"ListItem\",\"position\":2,\"name\":\"St\u00e9phane T\u00e9treault et Marie-\u00c8ve Scarfone : jeunesse et maturit\u00e9 1\\\/2\"}]},{\"@type\":\"WebSite\",\"@id\":\"https:\\\/\\\/stephanetetreault.com\\\/fr\\\/#website\",\"url\":\"https:\\\/\\\/stephanetetreault.com\\\/fr\\\/\",\"name\":\"St\u00e9phane T\u00e9treault violoncelliste\",\"description\":\"Violoncelliste canadien St\u00e9phane T\u00e9treault\",\"publisher\":{\"@id\":\"https:\\\/\\\/stephanetetreault.com\\\/fr\\\/#organization\"},\"potentialAction\":[{\"@type\":\"SearchAction\",\"target\":{\"@type\":\"EntryPoint\",\"urlTemplate\":\"https:\\\/\\\/stephanetetreault.com\\\/fr\\\/?s={search_term_string}\"},\"query-input\":{\"@type\":\"PropertyValueSpecification\",\"valueRequired\":true,\"valueName\":\"search_term_string\"}}],\"inLanguage\":\"fr-FR\"},{\"@type\":\"Organization\",\"@id\":\"https:\\\/\\\/stephanetetreault.com\\\/fr\\\/#organization\",\"name\":\"Stephane Tetreault\",\"url\":\"https:\\\/\\\/stephanetetreault.com\\\/fr\\\/\",\"logo\":{\"@type\":\"ImageObject\",\"inLanguage\":\"fr-FR\",\"@id\":\"https:\\\/\\\/stephanetetreault.com\\\/fr\\\/#\\\/schema\\\/logo\\\/image\\\/\",\"url\":\"https:\\\/\\\/stephanetetreault.com\\\/wp-content\\\/uploads\\\/2017\\\/06\\\/cropped-favicon_2.png\",\"contentUrl\":\"https:\\\/\\\/stephanetetreault.com\\\/wp-content\\\/uploads\\\/2017\\\/06\\\/cropped-favicon_2.png\",\"width\":512,\"height\":512,\"caption\":\"Stephane Tetreault\"},\"image\":{\"@id\":\"https:\\\/\\\/stephanetetreault.com\\\/fr\\\/#\\\/schema\\\/logo\\\/image\\\/\"},\"sameAs\":[\"https:\\\/\\\/www.facebook.com\\\/stephanecello\",\"https:\\\/\\\/x.com\\\/stephanecello\",\"https:\\\/\\\/www.instagram.com\\\/stephanecello\",\"https:\\\/\\\/www.youtube.com\\\/user\\\/CapriccioMusic\\\/\"]},{\"@type\":\"Person\",\"@id\":\"https:\\\/\\\/stephanetetreault.com\\\/fr\\\/#\\\/schema\\\/person\\\/a862d4025fe72c613b5eee2246a90824\",\"name\":\"Stephane Tetreault\",\"url\":\"https:\\\/\\\/stephanetetreault.com\\\/fr\\\/author\\\/quebecho\\\/\"}]}<\/script>\n<!-- \/ Yoast SEO plugin. -->","yoast_head_json":{"title":"St\u00e9phane T\u00e9treault et Marie-\u00c8ve Scarfone : jeunesse et maturit\u00e9 1\/2 - St\u00e9phane T\u00e9treault violoncelliste","description":"La maturit\u00e9 musicale du jeune violoncelliste St\u00e9phane T\u00e9treault se constate comme une \u00e9vidence sur cet enregistrement...  Richard Boivert, Le Soleil","robots":{"index":"index","follow":"follow","max-snippet":"max-snippet:-1","max-image-preview":"max-image-preview:large","max-video-preview":"max-video-preview:-1"},"canonical":"https:\/\/stephanetetreault.com\/fr\/jeunesse-et-maturite12\/","og_locale":"fr_FR","og_type":"article","og_title":"St\u00e9phane T\u00e9treault et Marie-\u00c8ve Scarfone : jeunesse et maturit\u00e9 1\/2 - St\u00e9phane T\u00e9treault violoncelliste","og_description":"La maturit\u00e9 musicale du jeune violoncelliste St\u00e9phane T\u00e9treault se constate comme une \u00e9vidence sur cet enregistrement...  Richard Boivert, Le Soleil","og_url":"https:\/\/stephanetetreault.com\/fr\/jeunesse-et-maturite12\/","og_site_name":"St\u00e9phane T\u00e9treault violoncelliste","article_publisher":"https:\/\/www.facebook.com\/stephanecello","article_published_time":"2015-09-07T20:42:39+00:00","article_modified_time":"2017-08-02T19:55:18+00:00","og_image":[{"width":453,"height":298,"url":"https:\/\/stephanetetreault.com\/wp-content\/uploads\/2015\/09\/ici_musique.jpg","type":"image\/jpeg"}],"author":"Stephane Tetreault","twitter_card":"summary_large_image","twitter_creator":"@stephanecello","twitter_site":"@stephanecello","twitter_misc":{"\u00c9crit par":"Stephane Tetreault","Dur\u00e9e de lecture estim\u00e9e":"1 minute"},"schema":{"@context":"https:\/\/schema.org","@graph":[{"@type":"Article","@id":"https:\/\/stephanetetreault.com\/fr\/jeunesse-et-maturite12\/#article","isPartOf":{"@id":"https:\/\/stephanetetreault.com\/fr\/jeunesse-et-maturite12\/"},"author":{"name":"Stephane Tetreault","@id":"https:\/\/stephanetetreault.com\/fr\/#\/schema\/person\/a862d4025fe72c613b5eee2246a90824"},"headline":"St\u00e9phane T\u00e9treault et Marie-\u00c8ve Scarfone : jeunesse et maturit\u00e9 1\/2","datePublished":"2015-09-07T20:42:39+00:00","dateModified":"2017-08-02T19:55:18+00:00","mainEntityOfPage":{"@id":"https:\/\/stephanetetreault.com\/fr\/jeunesse-et-maturite12\/"},"wordCount":206,"publisher":{"@id":"https:\/\/stephanetetreault.com\/fr\/#organization"},"image":{"@id":"https:\/\/stephanetetreault.com\/fr\/jeunesse-et-maturite12\/#primaryimage"},"thumbnailUrl":"https:\/\/stephanetetreault.com\/wp-content\/uploads\/2015\/09\/ici_musique.jpg","articleSection":["Critiques"],"inLanguage":"fr-FR"},{"@type":"WebPage","@id":"https:\/\/stephanetetreault.com\/fr\/jeunesse-et-maturite12\/","url":"https:\/\/stephanetetreault.com\/fr\/jeunesse-et-maturite12\/","name":"St\u00e9phane T\u00e9treault et Marie-\u00c8ve Scarfone : jeunesse et maturit\u00e9 1\/2 - St\u00e9phane T\u00e9treault violoncelliste","isPartOf":{"@id":"https:\/\/stephanetetreault.com\/fr\/#website"},"primaryImageOfPage":{"@id":"https:\/\/stephanetetreault.com\/fr\/jeunesse-et-maturite12\/#primaryimage"},"image":{"@id":"https:\/\/stephanetetreault.com\/fr\/jeunesse-et-maturite12\/#primaryimage"},"thumbnailUrl":"https:\/\/stephanetetreault.com\/wp-content\/uploads\/2015\/09\/ici_musique.jpg","datePublished":"2015-09-07T20:42:39+00:00","dateModified":"2017-08-02T19:55:18+00:00","description":"La maturit\u00e9 musicale du jeune violoncelliste St\u00e9phane T\u00e9treault se constate comme une \u00e9vidence sur cet enregistrement... Richard Boivert, Le Soleil","breadcrumb":{"@id":"https:\/\/stephanetetreault.com\/fr\/jeunesse-et-maturite12\/#breadcrumb"},"inLanguage":"fr-FR","potentialAction":[{"@type":"ReadAction","target":["https:\/\/stephanetetreault.com\/fr\/jeunesse-et-maturite12\/"]}]},{"@type":"ImageObject","inLanguage":"fr-FR","@id":"https:\/\/stephanetetreault.com\/fr\/jeunesse-et-maturite12\/#primaryimage","url":"https:\/\/stephanetetreault.com\/wp-content\/uploads\/2015\/09\/ici_musique.jpg","contentUrl":"https:\/\/stephanetetreault.com\/wp-content\/uploads\/2015\/09\/ici_musique.jpg","width":453,"height":298},{"@type":"BreadcrumbList","@id":"https:\/\/stephanetetreault.com\/fr\/jeunesse-et-maturite12\/#breadcrumb","itemListElement":[{"@type":"ListItem","position":1,"name":"Home","item":"https:\/\/stephanetetreault.com\/fr\/"},{"@type":"ListItem","position":2,"name":"St\u00e9phane T\u00e9treault et Marie-\u00c8ve Scarfone : jeunesse et maturit\u00e9 1\/2"}]},{"@type":"WebSite","@id":"https:\/\/stephanetetreault.com\/fr\/#website","url":"https:\/\/stephanetetreault.com\/fr\/","name":"St\u00e9phane T\u00e9treault violoncelliste","description":"Violoncelliste canadien St\u00e9phane T\u00e9treault","publisher":{"@id":"https:\/\/stephanetetreault.com\/fr\/#organization"},"potentialAction":[{"@type":"SearchAction","target":{"@type":"EntryPoint","urlTemplate":"https:\/\/stephanetetreault.com\/fr\/?s={search_term_string}"},"query-input":{"@type":"PropertyValueSpecification","valueRequired":true,"valueName":"search_term_string"}}],"inLanguage":"fr-FR"},{"@type":"Organization","@id":"https:\/\/stephanetetreault.com\/fr\/#organization","name":"Stephane Tetreault","url":"https:\/\/stephanetetreault.com\/fr\/","logo":{"@type":"ImageObject","inLanguage":"fr-FR","@id":"https:\/\/stephanetetreault.com\/fr\/#\/schema\/logo\/image\/","url":"https:\/\/stephanetetreault.com\/wp-content\/uploads\/2017\/06\/cropped-favicon_2.png","contentUrl":"https:\/\/stephanetetreault.com\/wp-content\/uploads\/2017\/06\/cropped-favicon_2.png","width":512,"height":512,"caption":"Stephane Tetreault"},"image":{"@id":"https:\/\/stephanetetreault.com\/fr\/#\/schema\/logo\/image\/"},"sameAs":["https:\/\/www.facebook.com\/stephanecello","https:\/\/x.com\/stephanecello","https:\/\/www.instagram.com\/stephanecello","https:\/\/www.youtube.com\/user\/CapriccioMusic\/"]},{"@type":"Person","@id":"https:\/\/stephanetetreault.com\/fr\/#\/schema\/person\/a862d4025fe72c613b5eee2246a90824","name":"Stephane Tetreault","url":"https:\/\/stephanetetreault.com\/fr\/author\/quebecho\/"}]}},"_links":{"self":[{"href":"https:\/\/stephanetetreault.com\/fr\/wp-json\/wp\/v2\/posts\/1172","targetHints":{"allow":["GET"]}}],"collection":[{"href":"https:\/\/stephanetetreault.com\/fr\/wp-json\/wp\/v2\/posts"}],"about":[{"href":"https:\/\/stephanetetreault.com\/fr\/wp-json\/wp\/v2\/types\/post"}],"author":[{"embeddable":true,"href":"https:\/\/stephanetetreault.com\/fr\/wp-json\/wp\/v2\/users\/3"}],"replies":[{"embeddable":true,"href":"https:\/\/stephanetetreault.com\/fr\/wp-json\/wp\/v2\/comments?post=1172"}],"version-history":[{"count":0,"href":"https:\/\/stephanetetreault.com\/fr\/wp-json\/wp\/v2\/posts\/1172\/revisions"}],"wp:featuredmedia":[{"embeddable":true,"href":"https:\/\/stephanetetreault.com\/fr\/wp-json\/wp\/v2\/media\/2660"}],"wp:attachment":[{"href":"https:\/\/stephanetetreault.com\/fr\/wp-json\/wp\/v2\/media?parent=1172"}],"wp:term":[{"taxonomy":"category","embeddable":true,"href":"https:\/\/stephanetetreault.com\/fr\/wp-json\/wp\/v2\/categories?post=1172"},{"taxonomy":"post_tag","embeddable":true,"href":"https:\/\/stephanetetreault.com\/fr\/wp-json\/wp\/v2\/tags?post=1172"}],"curies":[{"name":"wp","href":"https:\/\/api.w.org\/{rel}","templated":true}]}}