{"id":1180,"date":"2015-06-04T21:23:46","date_gmt":"2015-06-04T21:23:46","guid":{"rendered":"http:\/\/arrierescene.com\/?p=1180\/"},"modified":"2017-07-03T22:00:51","modified_gmt":"2017-07-03T22:00:51","slug":"festival-classica-le-romantisme-allemand-dans-toute-sa-splendeur","status":"publish","type":"post","link":"https:\/\/stephanetetreault.com\/fr\/festival-classica-le-romantisme-allemand-dans-toute-sa-splendeur\/","title":{"rendered":"Festival Classica : le romantisme allemand dans toute sa splendeur"},"content":{"rendered":"<div class=\"wpb-content-wrapper\"><p>[vc_row][vc_column][vc_column_text]<\/p>\n<p style=\"text-align: right;\"><strong>Jacques H\u00e9tu<\/strong>, <em>ResMusica<\/em><\/p>\n<p><strong>Le violoncelliste St\u00e9phane T\u00e9treault est un habitu\u00e9 du Festival Classica.<\/strong><\/p>\n<p>Il a ses adeptes, ses aficionados qui ne voudraient pour rien au monde manquer sa prestation. Il a l\u2019intelligence communicative, le don de faire sourire son public nombreux et chaleureux. D\u00e8s les premiers coups d\u2019archet sur son <i>Stradivarius Comtesse de Stainlein, ex-Paganini<\/i> de 1707, il fait corps avec l\u2019instrument. Il sait varier les couleurs tel un peintre, la lumi\u00e8re s\u2019irise sur les ar\u00eates abruptes ou glisse sur des sonorit\u00e9s inou\u00efes. Mais cela ne serait rien sans cette ma\u00eetrise extr\u00eame alli\u00e9e \u00e0 une grande \u00a0sensibilit\u00e9, cette mise \u00e0 nu des pi\u00e8ces choisies. Accompagn\u00e9 au piano par Zhengyu Chen, les deux artistes nous offrent des pages illustres de grands compositeurs, mais repens\u00e9es, refondues dans un alliage piano\/violoncelle qui n\u2019appartient qu\u2019\u00e0 eux seuls.<\/p>\n<p>D\u00e9j\u00e0 entendu lors de son r\u00e9cital de l\u2019an dernier, \u2013 le <i>Divertimento<\/i> en r\u00e9, de Joseph Haydn (arr. Piatigorsky), \u2013 le violoncelliste en donne une interpr\u00e9tation encore plus aboutie. La construction toute classique des trois mouvements, <i>Adagio, Menuet et Trio et Allegro di motto<\/i>, r\u00e9v\u00e8le une oeuvre aux portes du romantisme.<\/p>\n<p>Celui-ci explose dans la premi\u00e8re pi\u00e8ce de Schubert \u2013 la <i>Sonate<\/i> <i>\u00ab\u00a0Arpeggione\u00a0\u00bb,<\/i> \u2013 oeuvre \u00e9crite dans des moments douloureux de sa vie, contemporaine \u00a0du Quatuor, <i>La Jeune Fille et la Mort<\/i>. Certes, la sonate expose les \u00e9pisodes d\u00e9pressifs du compositeur viennois. Malgr\u00e9 la gravit\u00e9 du th\u00e8me, \u2013 les passages sont d\u2019une grande profondeur d\u2019\u00e2me\u00a0 \u2013 la vie est toujours pr\u00e9sente, et la virtuosit\u00e9 de St\u00e9phane T\u00e9treault le d\u00e9montre magistralement dans l\u2019<em>Allegretto<\/em> qui conclut la premi\u00e8re partie du programme.<\/p>\n<p>La complicit\u00e9 avec Zhengyu Chen au piano est totale. Il est significatif que le pianiste fasse dos au public, tout attentionn\u00e9 \u00e0 son instrument et en communion avec le violoncelle. Face \u00e0 l\u2019auditoire, St\u00e9phane T\u00e9treault garde la ma\u00eetrise totale des pi\u00e8ces interpr\u00e9t\u00e9es, par le rythme impos\u00e9 aux oeuvres, et leur dynamisme, et leur fluidit\u00e9.<\/p>\n<p>Les deux pi\u00e8ces-ma\u00eetresses du concert, le Fantasiest\u00fccke et R\u00eaverie <i>(Tr\u00e4umerei)<\/i> de Schumann sont toutes deux d\u2019un romantisme exacerb\u00e9. Le violoncelle, dans la premi\u00e8re pi\u00e8ce, traduit \u00e0 merveille les p\u00e9rip\u00e9ties passant de la nostalgie pour aboutir \u00e0 une boule d\u2019\u00e9nergie puissante, fr\u00e9n\u00e9tique. La R\u00eaverie, <i>les sc\u00e8nes d\u2019enfants<\/i>, malgr\u00e9 son titre, contient cette essence schumanienne, ce d\u00e9lire propre \u00e0 son g\u00e9nie. Enfin, le <i>Pezze capriccioso<\/i> de Tcha\u00efkovsky conclut cette travers\u00e9e romantique sans faille.<\/p>\n<p>Lire sur <a href=\"http:\/\/www.resmusica.com\/2015\/06\/04\/festival-classica-le-romantisme-allemand-dans-toute-sa-splendeur\/\" target=\"_blank\" rel=\"noopener noreferrer\"><strong>ResMusica<\/strong><\/a>[\/vc_column_text][\/vc_column][\/vc_row]<\/p>\n<\/div>","protected":false},"excerpt":{"rendered":"<p>Il a l\u2019intelligence communicative, le don de faire sourire son public nombreux et chaleureux<\/p>\n<p><b>Jacques H\u00e9tu<\/b>, <i>ResMusica<\/i><\/p>\n","protected":false},"author":3,"featured_media":2667,"comment_status":"closed","ping_status":"closed","sticky":false,"template":"","format":"standard","meta":{"inline_featured_image":false,"mc4wp_mailchimp_campaign":[],"footnotes":""},"categories":[141],"tags":[],"class_list":["post-1180","post","type-post","status-publish","format-standard","has-post-thumbnail","hentry","category-critiques"],"yoast_head":"<!-- This site is optimized with the Yoast SEO plugin v27.4 - https:\/\/yoast.com\/product\/yoast-seo-wordpress\/ -->\n<title>Festival Classica : le romantisme allemand dans toute sa splendeur - St\u00e9phane T\u00e9treault violoncelliste<\/title>\n<meta name=\"description\" content=\"Il a l\u2019intelligence communicative, le don de faire sourire son public nombreux et chaleureux  Jacques H\u00e9tu, ResMusica\" \/>\n<meta name=\"robots\" content=\"index, follow, max-snippet:-1, max-image-preview:large, max-video-preview:-1\" \/>\n<link rel=\"canonical\" href=\"https:\/\/stephanetetreault.com\/fr\/festival-classica-le-romantisme-allemand-dans-toute-sa-splendeur\/\" \/>\n<meta property=\"og:locale\" content=\"fr_FR\" \/>\n<meta property=\"og:type\" content=\"article\" \/>\n<meta property=\"og:title\" content=\"Festival Classica : le romantisme allemand dans toute sa splendeur - St\u00e9phane T\u00e9treault violoncelliste\" \/>\n<meta property=\"og:description\" content=\"Il a l\u2019intelligence communicative, le don de faire sourire son public nombreux et chaleureux  Jacques H\u00e9tu, ResMusica\" \/>\n<meta property=\"og:url\" content=\"https:\/\/stephanetetreault.com\/fr\/festival-classica-le-romantisme-allemand-dans-toute-sa-splendeur\/\" \/>\n<meta property=\"og:site_name\" content=\"St\u00e9phane T\u00e9treault violoncelliste\" \/>\n<meta property=\"article:publisher\" content=\"https:\/\/www.facebook.com\/stephanecello\" \/>\n<meta property=\"article:published_time\" content=\"2015-06-04T21:23:46+00:00\" \/>\n<meta property=\"article:modified_time\" content=\"2017-07-03T22:00:51+00:00\" \/>\n<meta property=\"og:image\" content=\"https:\/\/stephanetetreault.com\/wp-content\/uploads\/2015\/06\/resmusica-1.jpg\" \/>\n\t<meta property=\"og:image:width\" content=\"1000\" \/>\n\t<meta property=\"og:image:height\" content=\"578\" \/>\n\t<meta property=\"og:image:type\" content=\"image\/jpeg\" \/>\n<meta name=\"author\" content=\"Stephane Tetreault\" \/>\n<meta name=\"twitter:card\" content=\"summary_large_image\" \/>\n<meta name=\"twitter:creator\" content=\"@stephanecello\" \/>\n<meta name=\"twitter:site\" content=\"@stephanecello\" \/>\n<meta name=\"twitter:label1\" content=\"\u00c9crit par\" \/>\n\t<meta name=\"twitter:data1\" content=\"Stephane Tetreault\" \/>\n\t<meta name=\"twitter:label2\" content=\"Dur\u00e9e de lecture estim\u00e9e\" \/>\n\t<meta name=\"twitter:data2\" content=\"2 minutes\" \/>\n<script type=\"application\/ld+json\" class=\"yoast-schema-graph\">{\"@context\":\"https:\\\/\\\/schema.org\",\"@graph\":[{\"@type\":\"Article\",\"@id\":\"https:\\\/\\\/stephanetetreault.com\\\/fr\\\/festival-classica-le-romantisme-allemand-dans-toute-sa-splendeur\\\/#article\",\"isPartOf\":{\"@id\":\"https:\\\/\\\/stephanetetreault.com\\\/fr\\\/festival-classica-le-romantisme-allemand-dans-toute-sa-splendeur\\\/\"},\"author\":{\"name\":\"Stephane Tetreault\",\"@id\":\"https:\\\/\\\/stephanetetreault.com\\\/fr\\\/#\\\/schema\\\/person\\\/a862d4025fe72c613b5eee2246a90824\"},\"headline\":\"Festival Classica : le romantisme allemand dans toute sa splendeur\",\"datePublished\":\"2015-06-04T21:23:46+00:00\",\"dateModified\":\"2017-07-03T22:00:51+00:00\",\"mainEntityOfPage\":{\"@id\":\"https:\\\/\\\/stephanetetreault.com\\\/fr\\\/festival-classica-le-romantisme-allemand-dans-toute-sa-splendeur\\\/\"},\"wordCount\":463,\"publisher\":{\"@id\":\"https:\\\/\\\/stephanetetreault.com\\\/fr\\\/#organization\"},\"image\":{\"@id\":\"https:\\\/\\\/stephanetetreault.com\\\/fr\\\/festival-classica-le-romantisme-allemand-dans-toute-sa-splendeur\\\/#primaryimage\"},\"thumbnailUrl\":\"https:\\\/\\\/stephanetetreault.com\\\/wp-content\\\/uploads\\\/2015\\\/06\\\/resmusica-1.jpg\",\"articleSection\":[\"Critiques\"],\"inLanguage\":\"fr-FR\"},{\"@type\":\"WebPage\",\"@id\":\"https:\\\/\\\/stephanetetreault.com\\\/fr\\\/festival-classica-le-romantisme-allemand-dans-toute-sa-splendeur\\\/\",\"url\":\"https:\\\/\\\/stephanetetreault.com\\\/fr\\\/festival-classica-le-romantisme-allemand-dans-toute-sa-splendeur\\\/\",\"name\":\"Festival Classica : le romantisme allemand dans toute sa splendeur - St\u00e9phane T\u00e9treault violoncelliste\",\"isPartOf\":{\"@id\":\"https:\\\/\\\/stephanetetreault.com\\\/fr\\\/#website\"},\"primaryImageOfPage\":{\"@id\":\"https:\\\/\\\/stephanetetreault.com\\\/fr\\\/festival-classica-le-romantisme-allemand-dans-toute-sa-splendeur\\\/#primaryimage\"},\"image\":{\"@id\":\"https:\\\/\\\/stephanetetreault.com\\\/fr\\\/festival-classica-le-romantisme-allemand-dans-toute-sa-splendeur\\\/#primaryimage\"},\"thumbnailUrl\":\"https:\\\/\\\/stephanetetreault.com\\\/wp-content\\\/uploads\\\/2015\\\/06\\\/resmusica-1.jpg\",\"datePublished\":\"2015-06-04T21:23:46+00:00\",\"dateModified\":\"2017-07-03T22:00:51+00:00\",\"description\":\"Il a l\u2019intelligence communicative, le don de faire sourire son public nombreux et chaleureux Jacques H\u00e9tu, ResMusica\",\"breadcrumb\":{\"@id\":\"https:\\\/\\\/stephanetetreault.com\\\/fr\\\/festival-classica-le-romantisme-allemand-dans-toute-sa-splendeur\\\/#breadcrumb\"},\"inLanguage\":\"fr-FR\",\"potentialAction\":[{\"@type\":\"ReadAction\",\"target\":[\"https:\\\/\\\/stephanetetreault.com\\\/fr\\\/festival-classica-le-romantisme-allemand-dans-toute-sa-splendeur\\\/\"]}]},{\"@type\":\"ImageObject\",\"inLanguage\":\"fr-FR\",\"@id\":\"https:\\\/\\\/stephanetetreault.com\\\/fr\\\/festival-classica-le-romantisme-allemand-dans-toute-sa-splendeur\\\/#primaryimage\",\"url\":\"https:\\\/\\\/stephanetetreault.com\\\/wp-content\\\/uploads\\\/2015\\\/06\\\/resmusica-1.jpg\",\"contentUrl\":\"https:\\\/\\\/stephanetetreault.com\\\/wp-content\\\/uploads\\\/2015\\\/06\\\/resmusica-1.jpg\",\"width\":1000,\"height\":578},{\"@type\":\"BreadcrumbList\",\"@id\":\"https:\\\/\\\/stephanetetreault.com\\\/fr\\\/festival-classica-le-romantisme-allemand-dans-toute-sa-splendeur\\\/#breadcrumb\",\"itemListElement\":[{\"@type\":\"ListItem\",\"position\":1,\"name\":\"Home\",\"item\":\"https:\\\/\\\/stephanetetreault.com\\\/fr\\\/\"},{\"@type\":\"ListItem\",\"position\":2,\"name\":\"Festival Classica : le romantisme allemand dans toute sa splendeur\"}]},{\"@type\":\"WebSite\",\"@id\":\"https:\\\/\\\/stephanetetreault.com\\\/fr\\\/#website\",\"url\":\"https:\\\/\\\/stephanetetreault.com\\\/fr\\\/\",\"name\":\"St\u00e9phane T\u00e9treault violoncelliste\",\"description\":\"Violoncelliste canadien St\u00e9phane T\u00e9treault\",\"publisher\":{\"@id\":\"https:\\\/\\\/stephanetetreault.com\\\/fr\\\/#organization\"},\"potentialAction\":[{\"@type\":\"SearchAction\",\"target\":{\"@type\":\"EntryPoint\",\"urlTemplate\":\"https:\\\/\\\/stephanetetreault.com\\\/fr\\\/?s={search_term_string}\"},\"query-input\":{\"@type\":\"PropertyValueSpecification\",\"valueRequired\":true,\"valueName\":\"search_term_string\"}}],\"inLanguage\":\"fr-FR\"},{\"@type\":\"Organization\",\"@id\":\"https:\\\/\\\/stephanetetreault.com\\\/fr\\\/#organization\",\"name\":\"Stephane Tetreault\",\"url\":\"https:\\\/\\\/stephanetetreault.com\\\/fr\\\/\",\"logo\":{\"@type\":\"ImageObject\",\"inLanguage\":\"fr-FR\",\"@id\":\"https:\\\/\\\/stephanetetreault.com\\\/fr\\\/#\\\/schema\\\/logo\\\/image\\\/\",\"url\":\"https:\\\/\\\/stephanetetreault.com\\\/wp-content\\\/uploads\\\/2017\\\/06\\\/cropped-favicon_2.png\",\"contentUrl\":\"https:\\\/\\\/stephanetetreault.com\\\/wp-content\\\/uploads\\\/2017\\\/06\\\/cropped-favicon_2.png\",\"width\":512,\"height\":512,\"caption\":\"Stephane Tetreault\"},\"image\":{\"@id\":\"https:\\\/\\\/stephanetetreault.com\\\/fr\\\/#\\\/schema\\\/logo\\\/image\\\/\"},\"sameAs\":[\"https:\\\/\\\/www.facebook.com\\\/stephanecello\",\"https:\\\/\\\/x.com\\\/stephanecello\",\"https:\\\/\\\/www.instagram.com\\\/stephanecello\",\"https:\\\/\\\/www.youtube.com\\\/user\\\/CapriccioMusic\\\/\"]},{\"@type\":\"Person\",\"@id\":\"https:\\\/\\\/stephanetetreault.com\\\/fr\\\/#\\\/schema\\\/person\\\/a862d4025fe72c613b5eee2246a90824\",\"name\":\"Stephane Tetreault\",\"url\":\"https:\\\/\\\/stephanetetreault.com\\\/fr\\\/author\\\/quebecho\\\/\"}]}<\/script>\n<!-- \/ Yoast SEO plugin. -->","yoast_head_json":{"title":"Festival Classica : le romantisme allemand dans toute sa splendeur - St\u00e9phane T\u00e9treault violoncelliste","description":"Il a l\u2019intelligence communicative, le don de faire sourire son public nombreux et chaleureux  Jacques H\u00e9tu, ResMusica","robots":{"index":"index","follow":"follow","max-snippet":"max-snippet:-1","max-image-preview":"max-image-preview:large","max-video-preview":"max-video-preview:-1"},"canonical":"https:\/\/stephanetetreault.com\/fr\/festival-classica-le-romantisme-allemand-dans-toute-sa-splendeur\/","og_locale":"fr_FR","og_type":"article","og_title":"Festival Classica : le romantisme allemand dans toute sa splendeur - St\u00e9phane T\u00e9treault violoncelliste","og_description":"Il a l\u2019intelligence communicative, le don de faire sourire son public nombreux et chaleureux  Jacques H\u00e9tu, ResMusica","og_url":"https:\/\/stephanetetreault.com\/fr\/festival-classica-le-romantisme-allemand-dans-toute-sa-splendeur\/","og_site_name":"St\u00e9phane T\u00e9treault violoncelliste","article_publisher":"https:\/\/www.facebook.com\/stephanecello","article_published_time":"2015-06-04T21:23:46+00:00","article_modified_time":"2017-07-03T22:00:51+00:00","og_image":[{"width":1000,"height":578,"url":"https:\/\/stephanetetreault.com\/wp-content\/uploads\/2015\/06\/resmusica-1.jpg","type":"image\/jpeg"}],"author":"Stephane Tetreault","twitter_card":"summary_large_image","twitter_creator":"@stephanecello","twitter_site":"@stephanecello","twitter_misc":{"\u00c9crit par":"Stephane Tetreault","Dur\u00e9e de lecture estim\u00e9e":"2 minutes"},"schema":{"@context":"https:\/\/schema.org","@graph":[{"@type":"Article","@id":"https:\/\/stephanetetreault.com\/fr\/festival-classica-le-romantisme-allemand-dans-toute-sa-splendeur\/#article","isPartOf":{"@id":"https:\/\/stephanetetreault.com\/fr\/festival-classica-le-romantisme-allemand-dans-toute-sa-splendeur\/"},"author":{"name":"Stephane Tetreault","@id":"https:\/\/stephanetetreault.com\/fr\/#\/schema\/person\/a862d4025fe72c613b5eee2246a90824"},"headline":"Festival Classica : le romantisme allemand dans toute sa splendeur","datePublished":"2015-06-04T21:23:46+00:00","dateModified":"2017-07-03T22:00:51+00:00","mainEntityOfPage":{"@id":"https:\/\/stephanetetreault.com\/fr\/festival-classica-le-romantisme-allemand-dans-toute-sa-splendeur\/"},"wordCount":463,"publisher":{"@id":"https:\/\/stephanetetreault.com\/fr\/#organization"},"image":{"@id":"https:\/\/stephanetetreault.com\/fr\/festival-classica-le-romantisme-allemand-dans-toute-sa-splendeur\/#primaryimage"},"thumbnailUrl":"https:\/\/stephanetetreault.com\/wp-content\/uploads\/2015\/06\/resmusica-1.jpg","articleSection":["Critiques"],"inLanguage":"fr-FR"},{"@type":"WebPage","@id":"https:\/\/stephanetetreault.com\/fr\/festival-classica-le-romantisme-allemand-dans-toute-sa-splendeur\/","url":"https:\/\/stephanetetreault.com\/fr\/festival-classica-le-romantisme-allemand-dans-toute-sa-splendeur\/","name":"Festival Classica : le romantisme allemand dans toute sa splendeur - St\u00e9phane T\u00e9treault violoncelliste","isPartOf":{"@id":"https:\/\/stephanetetreault.com\/fr\/#website"},"primaryImageOfPage":{"@id":"https:\/\/stephanetetreault.com\/fr\/festival-classica-le-romantisme-allemand-dans-toute-sa-splendeur\/#primaryimage"},"image":{"@id":"https:\/\/stephanetetreault.com\/fr\/festival-classica-le-romantisme-allemand-dans-toute-sa-splendeur\/#primaryimage"},"thumbnailUrl":"https:\/\/stephanetetreault.com\/wp-content\/uploads\/2015\/06\/resmusica-1.jpg","datePublished":"2015-06-04T21:23:46+00:00","dateModified":"2017-07-03T22:00:51+00:00","description":"Il a l\u2019intelligence communicative, le don de faire sourire son public nombreux et chaleureux Jacques H\u00e9tu, ResMusica","breadcrumb":{"@id":"https:\/\/stephanetetreault.com\/fr\/festival-classica-le-romantisme-allemand-dans-toute-sa-splendeur\/#breadcrumb"},"inLanguage":"fr-FR","potentialAction":[{"@type":"ReadAction","target":["https:\/\/stephanetetreault.com\/fr\/festival-classica-le-romantisme-allemand-dans-toute-sa-splendeur\/"]}]},{"@type":"ImageObject","inLanguage":"fr-FR","@id":"https:\/\/stephanetetreault.com\/fr\/festival-classica-le-romantisme-allemand-dans-toute-sa-splendeur\/#primaryimage","url":"https:\/\/stephanetetreault.com\/wp-content\/uploads\/2015\/06\/resmusica-1.jpg","contentUrl":"https:\/\/stephanetetreault.com\/wp-content\/uploads\/2015\/06\/resmusica-1.jpg","width":1000,"height":578},{"@type":"BreadcrumbList","@id":"https:\/\/stephanetetreault.com\/fr\/festival-classica-le-romantisme-allemand-dans-toute-sa-splendeur\/#breadcrumb","itemListElement":[{"@type":"ListItem","position":1,"name":"Home","item":"https:\/\/stephanetetreault.com\/fr\/"},{"@type":"ListItem","position":2,"name":"Festival Classica : le romantisme allemand dans toute sa splendeur"}]},{"@type":"WebSite","@id":"https:\/\/stephanetetreault.com\/fr\/#website","url":"https:\/\/stephanetetreault.com\/fr\/","name":"St\u00e9phane T\u00e9treault violoncelliste","description":"Violoncelliste canadien St\u00e9phane T\u00e9treault","publisher":{"@id":"https:\/\/stephanetetreault.com\/fr\/#organization"},"potentialAction":[{"@type":"SearchAction","target":{"@type":"EntryPoint","urlTemplate":"https:\/\/stephanetetreault.com\/fr\/?s={search_term_string}"},"query-input":{"@type":"PropertyValueSpecification","valueRequired":true,"valueName":"search_term_string"}}],"inLanguage":"fr-FR"},{"@type":"Organization","@id":"https:\/\/stephanetetreault.com\/fr\/#organization","name":"Stephane Tetreault","url":"https:\/\/stephanetetreault.com\/fr\/","logo":{"@type":"ImageObject","inLanguage":"fr-FR","@id":"https:\/\/stephanetetreault.com\/fr\/#\/schema\/logo\/image\/","url":"https:\/\/stephanetetreault.com\/wp-content\/uploads\/2017\/06\/cropped-favicon_2.png","contentUrl":"https:\/\/stephanetetreault.com\/wp-content\/uploads\/2017\/06\/cropped-favicon_2.png","width":512,"height":512,"caption":"Stephane Tetreault"},"image":{"@id":"https:\/\/stephanetetreault.com\/fr\/#\/schema\/logo\/image\/"},"sameAs":["https:\/\/www.facebook.com\/stephanecello","https:\/\/x.com\/stephanecello","https:\/\/www.instagram.com\/stephanecello","https:\/\/www.youtube.com\/user\/CapriccioMusic\/"]},{"@type":"Person","@id":"https:\/\/stephanetetreault.com\/fr\/#\/schema\/person\/a862d4025fe72c613b5eee2246a90824","name":"Stephane Tetreault","url":"https:\/\/stephanetetreault.com\/fr\/author\/quebecho\/"}]}},"_links":{"self":[{"href":"https:\/\/stephanetetreault.com\/fr\/wp-json\/wp\/v2\/posts\/1180","targetHints":{"allow":["GET"]}}],"collection":[{"href":"https:\/\/stephanetetreault.com\/fr\/wp-json\/wp\/v2\/posts"}],"about":[{"href":"https:\/\/stephanetetreault.com\/fr\/wp-json\/wp\/v2\/types\/post"}],"author":[{"embeddable":true,"href":"https:\/\/stephanetetreault.com\/fr\/wp-json\/wp\/v2\/users\/3"}],"replies":[{"embeddable":true,"href":"https:\/\/stephanetetreault.com\/fr\/wp-json\/wp\/v2\/comments?post=1180"}],"version-history":[{"count":0,"href":"https:\/\/stephanetetreault.com\/fr\/wp-json\/wp\/v2\/posts\/1180\/revisions"}],"wp:featuredmedia":[{"embeddable":true,"href":"https:\/\/stephanetetreault.com\/fr\/wp-json\/wp\/v2\/media\/2667"}],"wp:attachment":[{"href":"https:\/\/stephanetetreault.com\/fr\/wp-json\/wp\/v2\/media?parent=1180"}],"wp:term":[{"taxonomy":"category","embeddable":true,"href":"https:\/\/stephanetetreault.com\/fr\/wp-json\/wp\/v2\/categories?post=1180"},{"taxonomy":"post_tag","embeddable":true,"href":"https:\/\/stephanetetreault.com\/fr\/wp-json\/wp\/v2\/tags?post=1180"}],"curies":[{"name":"wp","href":"https:\/\/api.w.org\/{rel}","templated":true}]}}