{"id":1352,"date":"2012-09-25T17:59:19","date_gmt":"2012-09-25T17:59:19","guid":{"rendered":"http:\/\/arrierescene.com\/?p=1352\/"},"modified":"2018-06-07T11:39:25","modified_gmt":"2018-06-07T11:39:25","slug":"un-nouveau-cd-pour-stephane-tetreault-fabien-gabel-et-losq","status":"publish","type":"post","link":"https:\/\/stephanetetreault.com\/fr\/un-nouveau-cd-pour-stephane-tetreault-fabien-gabel-et-losq\/","title":{"rendered":"Un nouveau CD pour St\u00e9phane T\u00e9treault, Fabien Gabel et l&rsquo;OSQ"},"content":{"rendered":"<div class=\"wpb-content-wrapper\"><p>[vc_row][vc_column][vc_column_text]<\/p>\n<p style=\"text-align: right;\"><strong>Richard Boisvert<\/strong>,\u00a0<em>Le Soleil<\/em><\/p>\n<p><strong>Si on se fie \u00e0 l&rsquo;enthousiasme qu&rsquo;elle suscite chez les musiciens rencontr\u00e9s hier lors du d\u00e9voilement de la nouvelle saison, hier soir, la nouvelle programmation de l&rsquo;Orchestre symphonique de Qu\u00e9bec (OSQ) s&rsquo;annonce prometteuse. Mieux encore, on sent qu&rsquo;avec l&rsquo;arriv\u00e9e de Fabien Gabel \u00e0 la direction musicale s&rsquo;ouvre un nouveau chapitre dans l&rsquo;histoire de l&rsquo;OSQ.<\/strong><\/p>\n<p>Le CD r\u00e9alis\u00e9 au Palais Montcalm avec l&rsquo;Orchestre symphonique de Qu\u00e9bec (OSQ) et son chef Fabien Gabel arrive chez votre disquaire pr\u00e9f\u00e9r\u00e9 mardi. On y retrouve des oeuvres de Saint-Sa\u00ebns (<em>Concerto en la mineur<\/em>, <em>Allegro appassionato<\/em>, <em>Le cygne<\/em>) et de Tcha\u00efkovski (<em>Variations sur un th\u00e8me rococo<\/em> et <em>Pezzo capriccioso<\/em>).<\/p>\n<p>De la chance, St\u00e9phane T\u00e9treault en a d\u00e9cid\u00e9ment beaucoup. Depuis le mois de janvier, il joue sur le \u00ab Comtesse de Stainlein \u00bb, un stradivarius de 1707 qui a jadis appartenu \u00e0 Paganini. Bernard Greenhouse, du trio Beaux-Arts, a v\u00e9cu 54\u00a0ann\u00e9es de passion quasi amoureuse avec l&rsquo;instrument avant que la mort les s\u00e9pare, en mai 2011.<\/p>\n<p>Quelques mois plus tard, le violoncelle est mis en vente. Gr\u00e2ce \u00e0 la g\u00e9n\u00e9rosit\u00e9 de la m\u00e9c\u00e8ne Jacqueline Desmarais, St\u00e9phane T\u00e9treault devient \u00e0 18\u00a0ans l&rsquo;heureux titulaire d&rsquo;un bijou de six millions de dollars. Ce privil\u00e8ge lui est octroy\u00e9 pour une dur\u00e9e ind\u00e9termin\u00e9e.<\/p>\n<p>Le b\u00e9n\u00e9ficiaire entend le conserver le plus longtemps possible. \u00ab Il y a beaucoup de secrets \u00e0 apprendre d&rsquo;un tel instrument, dit-il. Il vous donne la possibilit\u00e9 de vous am\u00e9liorer. Mais le plus important, c&rsquo;est de se rappeler qu&rsquo;on n&rsquo;a pas l&rsquo;instrument pour rien et qu&rsquo;on doit lui faire honneur. Et pour \u00e7a, il faut continuer \u00e0 travailler. \u00bb<\/p>\n<p>Lire sur <strong><a href=\"https:\/\/www.lesoleil.com\/archives\/un-nouveau-cd-pour-stephane-tetreault-fabien-gabel-et-losq-99924baaf14d2bd1acded5d29b990cd7\" target=\"_blank\" rel=\"noopener noreferrer\">Le Soleil<\/a><\/strong>[\/vc_column_text][\/vc_column][\/vc_row]<\/p>\n<\/div>","protected":false},"excerpt":{"rendered":"<p>Son tout premier disque, St\u00e9phane T\u00e9treault se voyait l&rsquo;enregistrer en compagnie d&rsquo;un orchestre symphonique.<\/p>\n<p><b>Richard Boisvert<\/b>, <i>Le Soleil<\/i><\/p>\n","protected":false},"author":3,"featured_media":2483,"comment_status":"closed","ping_status":"closed","sticky":false,"template":"","format":"standard","meta":{"inline_featured_image":false,"mc4wp_mailchimp_campaign":[],"footnotes":""},"categories":[141],"tags":[],"class_list":["post-1352","post","type-post","status-publish","format-standard","has-post-thumbnail","hentry","category-critiques"],"yoast_head":"<!-- This site is optimized with the Yoast SEO plugin v27.4 - https:\/\/yoast.com\/product\/yoast-seo-wordpress\/ -->\n<title>Un nouveau CD pour St\u00e9phane T\u00e9treault, Fabien Gabel et l&#039;OSQ - St\u00e9phane T\u00e9treault violoncelliste<\/title>\n<meta name=\"description\" content=\"Son tout premier disque, St\u00e9phane T\u00e9treault se voyait l&#039;enregistrer en compagnie d&#039;un orchestre symphonique.  Richard Boisvert, Le Soleil\" \/>\n<meta name=\"robots\" content=\"index, follow, max-snippet:-1, max-image-preview:large, max-video-preview:-1\" \/>\n<link rel=\"canonical\" href=\"https:\/\/stephanetetreault.com\/fr\/un-nouveau-cd-pour-stephane-tetreault-fabien-gabel-et-losq\/\" \/>\n<meta property=\"og:locale\" content=\"fr_FR\" \/>\n<meta property=\"og:type\" content=\"article\" \/>\n<meta property=\"og:title\" content=\"Un nouveau CD pour St\u00e9phane T\u00e9treault, Fabien Gabel et l&#039;OSQ - St\u00e9phane T\u00e9treault violoncelliste\" \/>\n<meta property=\"og:description\" content=\"Son tout premier disque, St\u00e9phane T\u00e9treault se voyait l&#039;enregistrer en compagnie d&#039;un orchestre symphonique.  Richard Boisvert, Le Soleil\" \/>\n<meta property=\"og:url\" content=\"https:\/\/stephanetetreault.com\/fr\/un-nouveau-cd-pour-stephane-tetreault-fabien-gabel-et-losq\/\" \/>\n<meta property=\"og:site_name\" content=\"St\u00e9phane T\u00e9treault violoncelliste\" \/>\n<meta property=\"article:publisher\" content=\"https:\/\/www.facebook.com\/stephanecello\" \/>\n<meta property=\"article:published_time\" content=\"2012-09-25T17:59:19+00:00\" \/>\n<meta property=\"article:modified_time\" content=\"2018-06-07T11:39:25+00:00\" \/>\n<meta property=\"og:image\" content=\"https:\/\/stephanetetreault.com\/wp-content\/uploads\/2013\/03\/CD_Reviews_The_Strad_2012.jpg\" \/>\n\t<meta property=\"og:image:width\" content=\"700\" \/>\n\t<meta property=\"og:image:height\" content=\"420\" \/>\n\t<meta property=\"og:image:type\" content=\"image\/jpeg\" \/>\n<meta name=\"author\" content=\"Stephane Tetreault\" \/>\n<meta name=\"twitter:card\" content=\"summary_large_image\" \/>\n<meta name=\"twitter:creator\" content=\"@stephanecello\" \/>\n<meta name=\"twitter:site\" content=\"@stephanecello\" \/>\n<meta name=\"twitter:label1\" content=\"\u00c9crit par\" \/>\n\t<meta name=\"twitter:data1\" content=\"Stephane Tetreault\" \/>\n\t<meta name=\"twitter:label2\" content=\"Dur\u00e9e de lecture estim\u00e9e\" \/>\n\t<meta name=\"twitter:data2\" content=\"2 minutes\" \/>\n<script type=\"application\/ld+json\" class=\"yoast-schema-graph\">{\"@context\":\"https:\\\/\\\/schema.org\",\"@graph\":[{\"@type\":\"Article\",\"@id\":\"https:\\\/\\\/stephanetetreault.com\\\/fr\\\/un-nouveau-cd-pour-stephane-tetreault-fabien-gabel-et-losq\\\/#article\",\"isPartOf\":{\"@id\":\"https:\\\/\\\/stephanetetreault.com\\\/fr\\\/un-nouveau-cd-pour-stephane-tetreault-fabien-gabel-et-losq\\\/\"},\"author\":{\"name\":\"Stephane Tetreault\",\"@id\":\"https:\\\/\\\/stephanetetreault.com\\\/fr\\\/#\\\/schema\\\/person\\\/a862d4025fe72c613b5eee2246a90824\"},\"headline\":\"Un nouveau CD pour St\u00e9phane T\u00e9treault, Fabien Gabel et l&rsquo;OSQ\",\"datePublished\":\"2012-09-25T17:59:19+00:00\",\"dateModified\":\"2018-06-07T11:39:25+00:00\",\"mainEntityOfPage\":{\"@id\":\"https:\\\/\\\/stephanetetreault.com\\\/fr\\\/un-nouveau-cd-pour-stephane-tetreault-fabien-gabel-et-losq\\\/\"},\"wordCount\":333,\"publisher\":{\"@id\":\"https:\\\/\\\/stephanetetreault.com\\\/fr\\\/#organization\"},\"image\":{\"@id\":\"https:\\\/\\\/stephanetetreault.com\\\/fr\\\/un-nouveau-cd-pour-stephane-tetreault-fabien-gabel-et-losq\\\/#primaryimage\"},\"thumbnailUrl\":\"https:\\\/\\\/stephanetetreault.com\\\/wp-content\\\/uploads\\\/2013\\\/03\\\/CD_Reviews_The_Strad_2012.jpg\",\"articleSection\":[\"Critiques\"],\"inLanguage\":\"fr-FR\"},{\"@type\":\"WebPage\",\"@id\":\"https:\\\/\\\/stephanetetreault.com\\\/fr\\\/un-nouveau-cd-pour-stephane-tetreault-fabien-gabel-et-losq\\\/\",\"url\":\"https:\\\/\\\/stephanetetreault.com\\\/fr\\\/un-nouveau-cd-pour-stephane-tetreault-fabien-gabel-et-losq\\\/\",\"name\":\"Un nouveau CD pour St\u00e9phane T\u00e9treault, Fabien Gabel et l'OSQ - St\u00e9phane T\u00e9treault violoncelliste\",\"isPartOf\":{\"@id\":\"https:\\\/\\\/stephanetetreault.com\\\/fr\\\/#website\"},\"primaryImageOfPage\":{\"@id\":\"https:\\\/\\\/stephanetetreault.com\\\/fr\\\/un-nouveau-cd-pour-stephane-tetreault-fabien-gabel-et-losq\\\/#primaryimage\"},\"image\":{\"@id\":\"https:\\\/\\\/stephanetetreault.com\\\/fr\\\/un-nouveau-cd-pour-stephane-tetreault-fabien-gabel-et-losq\\\/#primaryimage\"},\"thumbnailUrl\":\"https:\\\/\\\/stephanetetreault.com\\\/wp-content\\\/uploads\\\/2013\\\/03\\\/CD_Reviews_The_Strad_2012.jpg\",\"datePublished\":\"2012-09-25T17:59:19+00:00\",\"dateModified\":\"2018-06-07T11:39:25+00:00\",\"description\":\"Son tout premier disque, St\u00e9phane T\u00e9treault se voyait l'enregistrer en compagnie d'un orchestre symphonique. Richard Boisvert, Le Soleil\",\"breadcrumb\":{\"@id\":\"https:\\\/\\\/stephanetetreault.com\\\/fr\\\/un-nouveau-cd-pour-stephane-tetreault-fabien-gabel-et-losq\\\/#breadcrumb\"},\"inLanguage\":\"fr-FR\",\"potentialAction\":[{\"@type\":\"ReadAction\",\"target\":[\"https:\\\/\\\/stephanetetreault.com\\\/fr\\\/un-nouveau-cd-pour-stephane-tetreault-fabien-gabel-et-losq\\\/\"]}]},{\"@type\":\"ImageObject\",\"inLanguage\":\"fr-FR\",\"@id\":\"https:\\\/\\\/stephanetetreault.com\\\/fr\\\/un-nouveau-cd-pour-stephane-tetreault-fabien-gabel-et-losq\\\/#primaryimage\",\"url\":\"https:\\\/\\\/stephanetetreault.com\\\/wp-content\\\/uploads\\\/2013\\\/03\\\/CD_Reviews_The_Strad_2012.jpg\",\"contentUrl\":\"https:\\\/\\\/stephanetetreault.com\\\/wp-content\\\/uploads\\\/2013\\\/03\\\/CD_Reviews_The_Strad_2012.jpg\",\"width\":700,\"height\":420},{\"@type\":\"BreadcrumbList\",\"@id\":\"https:\\\/\\\/stephanetetreault.com\\\/fr\\\/un-nouveau-cd-pour-stephane-tetreault-fabien-gabel-et-losq\\\/#breadcrumb\",\"itemListElement\":[{\"@type\":\"ListItem\",\"position\":1,\"name\":\"Home\",\"item\":\"https:\\\/\\\/stephanetetreault.com\\\/fr\\\/\"},{\"@type\":\"ListItem\",\"position\":2,\"name\":\"Un nouveau CD pour St\u00e9phane T\u00e9treault, Fabien Gabel et l&rsquo;OSQ\"}]},{\"@type\":\"WebSite\",\"@id\":\"https:\\\/\\\/stephanetetreault.com\\\/fr\\\/#website\",\"url\":\"https:\\\/\\\/stephanetetreault.com\\\/fr\\\/\",\"name\":\"St\u00e9phane T\u00e9treault violoncelliste\",\"description\":\"Violoncelliste canadien St\u00e9phane T\u00e9treault\",\"publisher\":{\"@id\":\"https:\\\/\\\/stephanetetreault.com\\\/fr\\\/#organization\"},\"potentialAction\":[{\"@type\":\"SearchAction\",\"target\":{\"@type\":\"EntryPoint\",\"urlTemplate\":\"https:\\\/\\\/stephanetetreault.com\\\/fr\\\/?s={search_term_string}\"},\"query-input\":{\"@type\":\"PropertyValueSpecification\",\"valueRequired\":true,\"valueName\":\"search_term_string\"}}],\"inLanguage\":\"fr-FR\"},{\"@type\":\"Organization\",\"@id\":\"https:\\\/\\\/stephanetetreault.com\\\/fr\\\/#organization\",\"name\":\"Stephane Tetreault\",\"url\":\"https:\\\/\\\/stephanetetreault.com\\\/fr\\\/\",\"logo\":{\"@type\":\"ImageObject\",\"inLanguage\":\"fr-FR\",\"@id\":\"https:\\\/\\\/stephanetetreault.com\\\/fr\\\/#\\\/schema\\\/logo\\\/image\\\/\",\"url\":\"https:\\\/\\\/stephanetetreault.com\\\/wp-content\\\/uploads\\\/2017\\\/06\\\/cropped-favicon_2.png\",\"contentUrl\":\"https:\\\/\\\/stephanetetreault.com\\\/wp-content\\\/uploads\\\/2017\\\/06\\\/cropped-favicon_2.png\",\"width\":512,\"height\":512,\"caption\":\"Stephane Tetreault\"},\"image\":{\"@id\":\"https:\\\/\\\/stephanetetreault.com\\\/fr\\\/#\\\/schema\\\/logo\\\/image\\\/\"},\"sameAs\":[\"https:\\\/\\\/www.facebook.com\\\/stephanecello\",\"https:\\\/\\\/x.com\\\/stephanecello\",\"https:\\\/\\\/www.instagram.com\\\/stephanecello\",\"https:\\\/\\\/www.youtube.com\\\/user\\\/CapriccioMusic\\\/\"]},{\"@type\":\"Person\",\"@id\":\"https:\\\/\\\/stephanetetreault.com\\\/fr\\\/#\\\/schema\\\/person\\\/a862d4025fe72c613b5eee2246a90824\",\"name\":\"Stephane Tetreault\",\"url\":\"https:\\\/\\\/stephanetetreault.com\\\/fr\\\/author\\\/quebecho\\\/\"}]}<\/script>\n<!-- \/ Yoast SEO plugin. -->","yoast_head_json":{"title":"Un nouveau CD pour St\u00e9phane T\u00e9treault, Fabien Gabel et l'OSQ - St\u00e9phane T\u00e9treault violoncelliste","description":"Son tout premier disque, St\u00e9phane T\u00e9treault se voyait l'enregistrer en compagnie d'un orchestre symphonique.  Richard Boisvert, Le Soleil","robots":{"index":"index","follow":"follow","max-snippet":"max-snippet:-1","max-image-preview":"max-image-preview:large","max-video-preview":"max-video-preview:-1"},"canonical":"https:\/\/stephanetetreault.com\/fr\/un-nouveau-cd-pour-stephane-tetreault-fabien-gabel-et-losq\/","og_locale":"fr_FR","og_type":"article","og_title":"Un nouveau CD pour St\u00e9phane T\u00e9treault, Fabien Gabel et l'OSQ - St\u00e9phane T\u00e9treault violoncelliste","og_description":"Son tout premier disque, St\u00e9phane T\u00e9treault se voyait l'enregistrer en compagnie d'un orchestre symphonique.  Richard Boisvert, Le Soleil","og_url":"https:\/\/stephanetetreault.com\/fr\/un-nouveau-cd-pour-stephane-tetreault-fabien-gabel-et-losq\/","og_site_name":"St\u00e9phane T\u00e9treault violoncelliste","article_publisher":"https:\/\/www.facebook.com\/stephanecello","article_published_time":"2012-09-25T17:59:19+00:00","article_modified_time":"2018-06-07T11:39:25+00:00","og_image":[{"width":700,"height":420,"url":"https:\/\/stephanetetreault.com\/wp-content\/uploads\/2013\/03\/CD_Reviews_The_Strad_2012.jpg","type":"image\/jpeg"}],"author":"Stephane Tetreault","twitter_card":"summary_large_image","twitter_creator":"@stephanecello","twitter_site":"@stephanecello","twitter_misc":{"\u00c9crit par":"Stephane Tetreault","Dur\u00e9e de lecture estim\u00e9e":"2 minutes"},"schema":{"@context":"https:\/\/schema.org","@graph":[{"@type":"Article","@id":"https:\/\/stephanetetreault.com\/fr\/un-nouveau-cd-pour-stephane-tetreault-fabien-gabel-et-losq\/#article","isPartOf":{"@id":"https:\/\/stephanetetreault.com\/fr\/un-nouveau-cd-pour-stephane-tetreault-fabien-gabel-et-losq\/"},"author":{"name":"Stephane Tetreault","@id":"https:\/\/stephanetetreault.com\/fr\/#\/schema\/person\/a862d4025fe72c613b5eee2246a90824"},"headline":"Un nouveau CD pour St\u00e9phane T\u00e9treault, Fabien Gabel et l&rsquo;OSQ","datePublished":"2012-09-25T17:59:19+00:00","dateModified":"2018-06-07T11:39:25+00:00","mainEntityOfPage":{"@id":"https:\/\/stephanetetreault.com\/fr\/un-nouveau-cd-pour-stephane-tetreault-fabien-gabel-et-losq\/"},"wordCount":333,"publisher":{"@id":"https:\/\/stephanetetreault.com\/fr\/#organization"},"image":{"@id":"https:\/\/stephanetetreault.com\/fr\/un-nouveau-cd-pour-stephane-tetreault-fabien-gabel-et-losq\/#primaryimage"},"thumbnailUrl":"https:\/\/stephanetetreault.com\/wp-content\/uploads\/2013\/03\/CD_Reviews_The_Strad_2012.jpg","articleSection":["Critiques"],"inLanguage":"fr-FR"},{"@type":"WebPage","@id":"https:\/\/stephanetetreault.com\/fr\/un-nouveau-cd-pour-stephane-tetreault-fabien-gabel-et-losq\/","url":"https:\/\/stephanetetreault.com\/fr\/un-nouveau-cd-pour-stephane-tetreault-fabien-gabel-et-losq\/","name":"Un nouveau CD pour St\u00e9phane T\u00e9treault, Fabien Gabel et l'OSQ - St\u00e9phane T\u00e9treault violoncelliste","isPartOf":{"@id":"https:\/\/stephanetetreault.com\/fr\/#website"},"primaryImageOfPage":{"@id":"https:\/\/stephanetetreault.com\/fr\/un-nouveau-cd-pour-stephane-tetreault-fabien-gabel-et-losq\/#primaryimage"},"image":{"@id":"https:\/\/stephanetetreault.com\/fr\/un-nouveau-cd-pour-stephane-tetreault-fabien-gabel-et-losq\/#primaryimage"},"thumbnailUrl":"https:\/\/stephanetetreault.com\/wp-content\/uploads\/2013\/03\/CD_Reviews_The_Strad_2012.jpg","datePublished":"2012-09-25T17:59:19+00:00","dateModified":"2018-06-07T11:39:25+00:00","description":"Son tout premier disque, St\u00e9phane T\u00e9treault se voyait l'enregistrer en compagnie d'un orchestre symphonique. Richard Boisvert, Le Soleil","breadcrumb":{"@id":"https:\/\/stephanetetreault.com\/fr\/un-nouveau-cd-pour-stephane-tetreault-fabien-gabel-et-losq\/#breadcrumb"},"inLanguage":"fr-FR","potentialAction":[{"@type":"ReadAction","target":["https:\/\/stephanetetreault.com\/fr\/un-nouveau-cd-pour-stephane-tetreault-fabien-gabel-et-losq\/"]}]},{"@type":"ImageObject","inLanguage":"fr-FR","@id":"https:\/\/stephanetetreault.com\/fr\/un-nouveau-cd-pour-stephane-tetreault-fabien-gabel-et-losq\/#primaryimage","url":"https:\/\/stephanetetreault.com\/wp-content\/uploads\/2013\/03\/CD_Reviews_The_Strad_2012.jpg","contentUrl":"https:\/\/stephanetetreault.com\/wp-content\/uploads\/2013\/03\/CD_Reviews_The_Strad_2012.jpg","width":700,"height":420},{"@type":"BreadcrumbList","@id":"https:\/\/stephanetetreault.com\/fr\/un-nouveau-cd-pour-stephane-tetreault-fabien-gabel-et-losq\/#breadcrumb","itemListElement":[{"@type":"ListItem","position":1,"name":"Home","item":"https:\/\/stephanetetreault.com\/fr\/"},{"@type":"ListItem","position":2,"name":"Un nouveau CD pour St\u00e9phane T\u00e9treault, Fabien Gabel et l&rsquo;OSQ"}]},{"@type":"WebSite","@id":"https:\/\/stephanetetreault.com\/fr\/#website","url":"https:\/\/stephanetetreault.com\/fr\/","name":"St\u00e9phane T\u00e9treault violoncelliste","description":"Violoncelliste canadien St\u00e9phane T\u00e9treault","publisher":{"@id":"https:\/\/stephanetetreault.com\/fr\/#organization"},"potentialAction":[{"@type":"SearchAction","target":{"@type":"EntryPoint","urlTemplate":"https:\/\/stephanetetreault.com\/fr\/?s={search_term_string}"},"query-input":{"@type":"PropertyValueSpecification","valueRequired":true,"valueName":"search_term_string"}}],"inLanguage":"fr-FR"},{"@type":"Organization","@id":"https:\/\/stephanetetreault.com\/fr\/#organization","name":"Stephane Tetreault","url":"https:\/\/stephanetetreault.com\/fr\/","logo":{"@type":"ImageObject","inLanguage":"fr-FR","@id":"https:\/\/stephanetetreault.com\/fr\/#\/schema\/logo\/image\/","url":"https:\/\/stephanetetreault.com\/wp-content\/uploads\/2017\/06\/cropped-favicon_2.png","contentUrl":"https:\/\/stephanetetreault.com\/wp-content\/uploads\/2017\/06\/cropped-favicon_2.png","width":512,"height":512,"caption":"Stephane Tetreault"},"image":{"@id":"https:\/\/stephanetetreault.com\/fr\/#\/schema\/logo\/image\/"},"sameAs":["https:\/\/www.facebook.com\/stephanecello","https:\/\/x.com\/stephanecello","https:\/\/www.instagram.com\/stephanecello","https:\/\/www.youtube.com\/user\/CapriccioMusic\/"]},{"@type":"Person","@id":"https:\/\/stephanetetreault.com\/fr\/#\/schema\/person\/a862d4025fe72c613b5eee2246a90824","name":"Stephane Tetreault","url":"https:\/\/stephanetetreault.com\/fr\/author\/quebecho\/"}]}},"_links":{"self":[{"href":"https:\/\/stephanetetreault.com\/fr\/wp-json\/wp\/v2\/posts\/1352","targetHints":{"allow":["GET"]}}],"collection":[{"href":"https:\/\/stephanetetreault.com\/fr\/wp-json\/wp\/v2\/posts"}],"about":[{"href":"https:\/\/stephanetetreault.com\/fr\/wp-json\/wp\/v2\/types\/post"}],"author":[{"embeddable":true,"href":"https:\/\/stephanetetreault.com\/fr\/wp-json\/wp\/v2\/users\/3"}],"replies":[{"embeddable":true,"href":"https:\/\/stephanetetreault.com\/fr\/wp-json\/wp\/v2\/comments?post=1352"}],"version-history":[{"count":0,"href":"https:\/\/stephanetetreault.com\/fr\/wp-json\/wp\/v2\/posts\/1352\/revisions"}],"wp:featuredmedia":[{"embeddable":true,"href":"https:\/\/stephanetetreault.com\/fr\/wp-json\/wp\/v2\/media\/2483"}],"wp:attachment":[{"href":"https:\/\/stephanetetreault.com\/fr\/wp-json\/wp\/v2\/media?parent=1352"}],"wp:term":[{"taxonomy":"category","embeddable":true,"href":"https:\/\/stephanetetreault.com\/fr\/wp-json\/wp\/v2\/categories?post=1352"},{"taxonomy":"post_tag","embeddable":true,"href":"https:\/\/stephanetetreault.com\/fr\/wp-json\/wp\/v2\/tags?post=1352"}],"curies":[{"name":"wp","href":"https:\/\/api.w.org\/{rel}","templated":true}]}}