{"id":1358,"date":"2013-07-22T18:44:18","date_gmt":"2013-07-22T18:44:18","guid":{"rendered":"http:\/\/arrierescene.com\/?p=1358\/"},"modified":"2017-05-25T00:02:00","modified_gmt":"2017-05-25T00:02:00","slug":"concerts-classiques-peu-de-monde-beaucoup-de-musique","status":"publish","type":"post","link":"https:\/\/stephanetetreault.com\/fr\/concerts-classiques-peu-de-monde-beaucoup-de-musique\/","title":{"rendered":"Concerts classiques &#8211; Cello Symphony de Britten"},"content":{"rendered":"<div class=\"wpb-content-wrapper\"><p>[vc_row][vc_column][vc_column_text]<\/p>\n<p style=\"text-align: right;\"><strong>Christophe Huss<\/strong>, <em>Le Devoir<\/em><\/p>\n<figure id=\"attachment_1361\" aria-describedby=\"caption-attachment-1361\" style=\"width: 500px\" class=\"wp-caption alignleft\"><img loading=\"lazy\" decoding=\"async\" class=\"wp-image-1361 size-full\" src=\"http:\/\/arrierescene.com\/wp-content\/uploads\/2013\/07\/lanaudiere_2013-e1482778679495.jpg\" width=\"500\" height=\"322\" \/><figcaption id=\"caption-attachment-1361\" class=\"wp-caption-text\">Photo: Christina Alonso<\/figcaption><\/figure>\n<p>St\u00e9phane T\u00e9treault s\u2019attelait ensuite \u00e0 l\u2019une des oeuvres concertantes les plus arides pour son instrument : la <em>Cello Symphony<\/em> de Britten. Son pr\u00e9ambule diffus\u00e9 sur les \u00e9crans, tr\u00e8s r\u00e9ussi et explicite, introduisit parfaitement ce que je me plais \u00e0 appeler une \u00ab \u00e9coute intelligente \u00bb. Il en va de m\u00eame des propos de Jean-Marie Zeitouni sur Peter Grimes et Respighi. Cette approche des capsules \u2013 un rien longuettes \u2013 est la bonne.<\/p>\n<p>La maturation musicale et instrumentale de St\u00e9phane T\u00e9treault est plus qu\u2019encourageante. L\u2019exp\u00e9rience glan\u00e9e en un an dans l\u2019exercice du dialogue avec orchestre et la ma\u00eetrise sonore de son glorieux instrument sont m\u00eame sid\u00e9rantes. Entre son Dvor\u00e1k \u00e0 la Maison symphonique, jou\u00e9 comme un r\u00eave peu partag\u00e9, et l\u2019\u00e9change intense et complice de samedi, ce dont la cam\u00e9ra t\u00e9moignait parfaitement, T\u00e9treault acquiert une v\u00e9ritable expertise. Il s\u2019est engag\u00e9 avec panache et justesse dans la joute avec l\u2019orchestre, sous la baguette d\u2019un chef qui, cela s\u2019entend, v\u00e9n\u00e8re Britten.<\/p>\n<p>T\u00e9treault et Zeitouni montrent bien qu\u2019il existe beaucoup d\u2019espace interpr\u00e9tatif malgr\u00e9 l\u2019existence des deux enregistrements associant Rostropovitch et Britten. Tous comme l\u2019exceptionnel CD r\u00e9cent de Paul Watkins et Edward Gardner, ils ont montr\u00e9 que l\u2019oeuvre gagne \u00e0 plus de fusion et de subtilit\u00e9. Le Presto inquieto (2e mouvement) transform\u00e9 en festival de textures diaphanes fut supr\u00eame.<\/p>\n<p>Lire l\u2019int\u00e9grale sur\u00a0<strong><a href=\"http:\/\/www.ledevoir.com\/non-classe\/383431\/peu-de-monde-beaucoup-de-musique\" target=\"_blank\" rel=\"noopener noreferrer\">Le Devoir<\/a><\/strong>[\/vc_column_text][\/vc_column][\/vc_row]<\/p>\n<\/div>","protected":false},"excerpt":{"rendered":"<p>T\u00e9treault acquiert une v\u00e9ritable expertise<\/p>\n<p><b>Christophe Huss<\/b>, <i>Le Devoir<\/i><\/p>\n","protected":false},"author":3,"featured_media":2711,"comment_status":"closed","ping_status":"closed","sticky":false,"template":"","format":"standard","meta":{"inline_featured_image":false,"mc4wp_mailchimp_campaign":[],"footnotes":""},"categories":[141],"tags":[],"class_list":["post-1358","post","type-post","status-publish","format-standard","has-post-thumbnail","hentry","category-critiques"],"yoast_head":"<!-- This site is optimized with the Yoast SEO plugin v27.5 - https:\/\/yoast.com\/product\/yoast-seo-wordpress\/ -->\n<title>Concerts classiques - Cello Symphony de Britten - St\u00e9phane T\u00e9treault violoncelliste<\/title>\n<meta name=\"description\" content=\"T\u00e9treault acquiert une v\u00e9ritable expertise  Christophe Huss, Le Devoir\" \/>\n<meta name=\"robots\" content=\"index, follow, max-snippet:-1, max-image-preview:large, max-video-preview:-1\" \/>\n<link rel=\"canonical\" href=\"https:\/\/stephanetetreault.com\/fr\/concerts-classiques-peu-de-monde-beaucoup-de-musique\/\" \/>\n<meta property=\"og:locale\" content=\"fr_FR\" \/>\n<meta property=\"og:type\" content=\"article\" \/>\n<meta property=\"og:title\" content=\"Concerts classiques - Cello Symphony de Britten - St\u00e9phane T\u00e9treault violoncelliste\" \/>\n<meta property=\"og:description\" content=\"T\u00e9treault acquiert une v\u00e9ritable expertise  Christophe Huss, Le Devoir\" \/>\n<meta property=\"og:url\" content=\"https:\/\/stephanetetreault.com\/fr\/concerts-classiques-peu-de-monde-beaucoup-de-musique\/\" \/>\n<meta property=\"og:site_name\" content=\"St\u00e9phane T\u00e9treault violoncelliste\" \/>\n<meta property=\"article:publisher\" content=\"https:\/\/www.facebook.com\/stephanecello\" \/>\n<meta property=\"article:published_time\" content=\"2013-07-22T18:44:18+00:00\" \/>\n<meta property=\"article:modified_time\" content=\"2017-05-25T00:02:00+00:00\" \/>\n<meta property=\"og:image\" content=\"https:\/\/stephanetetreault.com\/wp-content\/uploads\/2013\/07\/lanaudiere_2013-1.jpg\" \/>\n\t<meta property=\"og:image:width\" content=\"915\" \/>\n\t<meta property=\"og:image:height\" content=\"590\" \/>\n\t<meta property=\"og:image:type\" content=\"image\/jpeg\" \/>\n<meta name=\"author\" content=\"Stephane Tetreault\" \/>\n<meta name=\"twitter:card\" content=\"summary_large_image\" \/>\n<meta name=\"twitter:creator\" content=\"@stephanecello\" \/>\n<meta name=\"twitter:site\" content=\"@stephanecello\" \/>\n<meta name=\"twitter:label1\" content=\"\u00c9crit par\" \/>\n\t<meta name=\"twitter:data1\" content=\"Stephane Tetreault\" \/>\n\t<meta name=\"twitter:label2\" content=\"Dur\u00e9e de lecture estim\u00e9e\" \/>\n\t<meta name=\"twitter:data2\" content=\"1 minute\" \/>\n<script type=\"application\/ld+json\" class=\"yoast-schema-graph\">{\"@context\":\"https:\\\/\\\/schema.org\",\"@graph\":[{\"@type\":\"Article\",\"@id\":\"https:\\\/\\\/stephanetetreault.com\\\/fr\\\/concerts-classiques-peu-de-monde-beaucoup-de-musique\\\/#article\",\"isPartOf\":{\"@id\":\"https:\\\/\\\/stephanetetreault.com\\\/fr\\\/concerts-classiques-peu-de-monde-beaucoup-de-musique\\\/\"},\"author\":{\"name\":\"Stephane Tetreault\",\"@id\":\"https:\\\/\\\/stephanetetreault.com\\\/fr\\\/#\\\/schema\\\/person\\\/a862d4025fe72c613b5eee2246a90824\"},\"headline\":\"Concerts classiques &#8211; Cello Symphony de Britten\",\"datePublished\":\"2013-07-22T18:44:18+00:00\",\"dateModified\":\"2017-05-25T00:02:00+00:00\",\"mainEntityOfPage\":{\"@id\":\"https:\\\/\\\/stephanetetreault.com\\\/fr\\\/concerts-classiques-peu-de-monde-beaucoup-de-musique\\\/\"},\"wordCount\":289,\"publisher\":{\"@id\":\"https:\\\/\\\/stephanetetreault.com\\\/fr\\\/#organization\"},\"image\":{\"@id\":\"https:\\\/\\\/stephanetetreault.com\\\/fr\\\/concerts-classiques-peu-de-monde-beaucoup-de-musique\\\/#primaryimage\"},\"thumbnailUrl\":\"https:\\\/\\\/stephanetetreault.com\\\/wp-content\\\/uploads\\\/2013\\\/07\\\/lanaudiere_2013-1.jpg\",\"articleSection\":[\"Critiques\"],\"inLanguage\":\"fr-FR\"},{\"@type\":\"WebPage\",\"@id\":\"https:\\\/\\\/stephanetetreault.com\\\/fr\\\/concerts-classiques-peu-de-monde-beaucoup-de-musique\\\/\",\"url\":\"https:\\\/\\\/stephanetetreault.com\\\/fr\\\/concerts-classiques-peu-de-monde-beaucoup-de-musique\\\/\",\"name\":\"Concerts classiques - Cello Symphony de Britten - St\u00e9phane T\u00e9treault violoncelliste\",\"isPartOf\":{\"@id\":\"https:\\\/\\\/stephanetetreault.com\\\/fr\\\/#website\"},\"primaryImageOfPage\":{\"@id\":\"https:\\\/\\\/stephanetetreault.com\\\/fr\\\/concerts-classiques-peu-de-monde-beaucoup-de-musique\\\/#primaryimage\"},\"image\":{\"@id\":\"https:\\\/\\\/stephanetetreault.com\\\/fr\\\/concerts-classiques-peu-de-monde-beaucoup-de-musique\\\/#primaryimage\"},\"thumbnailUrl\":\"https:\\\/\\\/stephanetetreault.com\\\/wp-content\\\/uploads\\\/2013\\\/07\\\/lanaudiere_2013-1.jpg\",\"datePublished\":\"2013-07-22T18:44:18+00:00\",\"dateModified\":\"2017-05-25T00:02:00+00:00\",\"description\":\"T\u00e9treault acquiert une v\u00e9ritable expertise Christophe Huss, Le Devoir\",\"breadcrumb\":{\"@id\":\"https:\\\/\\\/stephanetetreault.com\\\/fr\\\/concerts-classiques-peu-de-monde-beaucoup-de-musique\\\/#breadcrumb\"},\"inLanguage\":\"fr-FR\",\"potentialAction\":[{\"@type\":\"ReadAction\",\"target\":[\"https:\\\/\\\/stephanetetreault.com\\\/fr\\\/concerts-classiques-peu-de-monde-beaucoup-de-musique\\\/\"]}]},{\"@type\":\"ImageObject\",\"inLanguage\":\"fr-FR\",\"@id\":\"https:\\\/\\\/stephanetetreault.com\\\/fr\\\/concerts-classiques-peu-de-monde-beaucoup-de-musique\\\/#primaryimage\",\"url\":\"https:\\\/\\\/stephanetetreault.com\\\/wp-content\\\/uploads\\\/2013\\\/07\\\/lanaudiere_2013-1.jpg\",\"contentUrl\":\"https:\\\/\\\/stephanetetreault.com\\\/wp-content\\\/uploads\\\/2013\\\/07\\\/lanaudiere_2013-1.jpg\",\"width\":915,\"height\":590},{\"@type\":\"BreadcrumbList\",\"@id\":\"https:\\\/\\\/stephanetetreault.com\\\/fr\\\/concerts-classiques-peu-de-monde-beaucoup-de-musique\\\/#breadcrumb\",\"itemListElement\":[{\"@type\":\"ListItem\",\"position\":1,\"name\":\"Home\",\"item\":\"https:\\\/\\\/stephanetetreault.com\\\/fr\\\/\"},{\"@type\":\"ListItem\",\"position\":2,\"name\":\"Concerts classiques &#8211; Cello Symphony de Britten\"}]},{\"@type\":\"WebSite\",\"@id\":\"https:\\\/\\\/stephanetetreault.com\\\/fr\\\/#website\",\"url\":\"https:\\\/\\\/stephanetetreault.com\\\/fr\\\/\",\"name\":\"St\u00e9phane T\u00e9treault violoncelliste\",\"description\":\"Violoncelliste canadien St\u00e9phane T\u00e9treault\",\"publisher\":{\"@id\":\"https:\\\/\\\/stephanetetreault.com\\\/fr\\\/#organization\"},\"potentialAction\":[{\"@type\":\"SearchAction\",\"target\":{\"@type\":\"EntryPoint\",\"urlTemplate\":\"https:\\\/\\\/stephanetetreault.com\\\/fr\\\/?s={search_term_string}\"},\"query-input\":{\"@type\":\"PropertyValueSpecification\",\"valueRequired\":true,\"valueName\":\"search_term_string\"}}],\"inLanguage\":\"fr-FR\"},{\"@type\":\"Organization\",\"@id\":\"https:\\\/\\\/stephanetetreault.com\\\/fr\\\/#organization\",\"name\":\"Stephane Tetreault\",\"url\":\"https:\\\/\\\/stephanetetreault.com\\\/fr\\\/\",\"logo\":{\"@type\":\"ImageObject\",\"inLanguage\":\"fr-FR\",\"@id\":\"https:\\\/\\\/stephanetetreault.com\\\/fr\\\/#\\\/schema\\\/logo\\\/image\\\/\",\"url\":\"https:\\\/\\\/stephanetetreault.com\\\/wp-content\\\/uploads\\\/2017\\\/06\\\/cropped-favicon_2.png\",\"contentUrl\":\"https:\\\/\\\/stephanetetreault.com\\\/wp-content\\\/uploads\\\/2017\\\/06\\\/cropped-favicon_2.png\",\"width\":512,\"height\":512,\"caption\":\"Stephane Tetreault\"},\"image\":{\"@id\":\"https:\\\/\\\/stephanetetreault.com\\\/fr\\\/#\\\/schema\\\/logo\\\/image\\\/\"},\"sameAs\":[\"https:\\\/\\\/www.facebook.com\\\/stephanecello\",\"https:\\\/\\\/x.com\\\/stephanecello\",\"https:\\\/\\\/www.instagram.com\\\/stephanecello\",\"https:\\\/\\\/www.youtube.com\\\/user\\\/CapriccioMusic\\\/\"]},{\"@type\":\"Person\",\"@id\":\"https:\\\/\\\/stephanetetreault.com\\\/fr\\\/#\\\/schema\\\/person\\\/a862d4025fe72c613b5eee2246a90824\",\"name\":\"Stephane Tetreault\",\"url\":\"https:\\\/\\\/stephanetetreault.com\\\/fr\\\/author\\\/quebecho\\\/\"}]}<\/script>\n<!-- \/ Yoast SEO plugin. -->","yoast_head_json":{"title":"Concerts classiques - Cello Symphony de Britten - St\u00e9phane T\u00e9treault violoncelliste","description":"T\u00e9treault acquiert une v\u00e9ritable expertise  Christophe Huss, Le Devoir","robots":{"index":"index","follow":"follow","max-snippet":"max-snippet:-1","max-image-preview":"max-image-preview:large","max-video-preview":"max-video-preview:-1"},"canonical":"https:\/\/stephanetetreault.com\/fr\/concerts-classiques-peu-de-monde-beaucoup-de-musique\/","og_locale":"fr_FR","og_type":"article","og_title":"Concerts classiques - Cello Symphony de Britten - St\u00e9phane T\u00e9treault violoncelliste","og_description":"T\u00e9treault acquiert une v\u00e9ritable expertise  Christophe Huss, Le Devoir","og_url":"https:\/\/stephanetetreault.com\/fr\/concerts-classiques-peu-de-monde-beaucoup-de-musique\/","og_site_name":"St\u00e9phane T\u00e9treault violoncelliste","article_publisher":"https:\/\/www.facebook.com\/stephanecello","article_published_time":"2013-07-22T18:44:18+00:00","article_modified_time":"2017-05-25T00:02:00+00:00","og_image":[{"width":915,"height":590,"url":"https:\/\/stephanetetreault.com\/wp-content\/uploads\/2013\/07\/lanaudiere_2013-1.jpg","type":"image\/jpeg"}],"author":"Stephane Tetreault","twitter_card":"summary_large_image","twitter_creator":"@stephanecello","twitter_site":"@stephanecello","twitter_misc":{"\u00c9crit par":"Stephane Tetreault","Dur\u00e9e de lecture estim\u00e9e":"1 minute"},"schema":{"@context":"https:\/\/schema.org","@graph":[{"@type":"Article","@id":"https:\/\/stephanetetreault.com\/fr\/concerts-classiques-peu-de-monde-beaucoup-de-musique\/#article","isPartOf":{"@id":"https:\/\/stephanetetreault.com\/fr\/concerts-classiques-peu-de-monde-beaucoup-de-musique\/"},"author":{"name":"Stephane Tetreault","@id":"https:\/\/stephanetetreault.com\/fr\/#\/schema\/person\/a862d4025fe72c613b5eee2246a90824"},"headline":"Concerts classiques &#8211; Cello Symphony de Britten","datePublished":"2013-07-22T18:44:18+00:00","dateModified":"2017-05-25T00:02:00+00:00","mainEntityOfPage":{"@id":"https:\/\/stephanetetreault.com\/fr\/concerts-classiques-peu-de-monde-beaucoup-de-musique\/"},"wordCount":289,"publisher":{"@id":"https:\/\/stephanetetreault.com\/fr\/#organization"},"image":{"@id":"https:\/\/stephanetetreault.com\/fr\/concerts-classiques-peu-de-monde-beaucoup-de-musique\/#primaryimage"},"thumbnailUrl":"https:\/\/stephanetetreault.com\/wp-content\/uploads\/2013\/07\/lanaudiere_2013-1.jpg","articleSection":["Critiques"],"inLanguage":"fr-FR"},{"@type":"WebPage","@id":"https:\/\/stephanetetreault.com\/fr\/concerts-classiques-peu-de-monde-beaucoup-de-musique\/","url":"https:\/\/stephanetetreault.com\/fr\/concerts-classiques-peu-de-monde-beaucoup-de-musique\/","name":"Concerts classiques - Cello Symphony de Britten - St\u00e9phane T\u00e9treault violoncelliste","isPartOf":{"@id":"https:\/\/stephanetetreault.com\/fr\/#website"},"primaryImageOfPage":{"@id":"https:\/\/stephanetetreault.com\/fr\/concerts-classiques-peu-de-monde-beaucoup-de-musique\/#primaryimage"},"image":{"@id":"https:\/\/stephanetetreault.com\/fr\/concerts-classiques-peu-de-monde-beaucoup-de-musique\/#primaryimage"},"thumbnailUrl":"https:\/\/stephanetetreault.com\/wp-content\/uploads\/2013\/07\/lanaudiere_2013-1.jpg","datePublished":"2013-07-22T18:44:18+00:00","dateModified":"2017-05-25T00:02:00+00:00","description":"T\u00e9treault acquiert une v\u00e9ritable expertise Christophe Huss, Le Devoir","breadcrumb":{"@id":"https:\/\/stephanetetreault.com\/fr\/concerts-classiques-peu-de-monde-beaucoup-de-musique\/#breadcrumb"},"inLanguage":"fr-FR","potentialAction":[{"@type":"ReadAction","target":["https:\/\/stephanetetreault.com\/fr\/concerts-classiques-peu-de-monde-beaucoup-de-musique\/"]}]},{"@type":"ImageObject","inLanguage":"fr-FR","@id":"https:\/\/stephanetetreault.com\/fr\/concerts-classiques-peu-de-monde-beaucoup-de-musique\/#primaryimage","url":"https:\/\/stephanetetreault.com\/wp-content\/uploads\/2013\/07\/lanaudiere_2013-1.jpg","contentUrl":"https:\/\/stephanetetreault.com\/wp-content\/uploads\/2013\/07\/lanaudiere_2013-1.jpg","width":915,"height":590},{"@type":"BreadcrumbList","@id":"https:\/\/stephanetetreault.com\/fr\/concerts-classiques-peu-de-monde-beaucoup-de-musique\/#breadcrumb","itemListElement":[{"@type":"ListItem","position":1,"name":"Home","item":"https:\/\/stephanetetreault.com\/fr\/"},{"@type":"ListItem","position":2,"name":"Concerts classiques &#8211; Cello Symphony de Britten"}]},{"@type":"WebSite","@id":"https:\/\/stephanetetreault.com\/fr\/#website","url":"https:\/\/stephanetetreault.com\/fr\/","name":"St\u00e9phane T\u00e9treault violoncelliste","description":"Violoncelliste canadien St\u00e9phane T\u00e9treault","publisher":{"@id":"https:\/\/stephanetetreault.com\/fr\/#organization"},"potentialAction":[{"@type":"SearchAction","target":{"@type":"EntryPoint","urlTemplate":"https:\/\/stephanetetreault.com\/fr\/?s={search_term_string}"},"query-input":{"@type":"PropertyValueSpecification","valueRequired":true,"valueName":"search_term_string"}}],"inLanguage":"fr-FR"},{"@type":"Organization","@id":"https:\/\/stephanetetreault.com\/fr\/#organization","name":"Stephane Tetreault","url":"https:\/\/stephanetetreault.com\/fr\/","logo":{"@type":"ImageObject","inLanguage":"fr-FR","@id":"https:\/\/stephanetetreault.com\/fr\/#\/schema\/logo\/image\/","url":"https:\/\/stephanetetreault.com\/wp-content\/uploads\/2017\/06\/cropped-favicon_2.png","contentUrl":"https:\/\/stephanetetreault.com\/wp-content\/uploads\/2017\/06\/cropped-favicon_2.png","width":512,"height":512,"caption":"Stephane Tetreault"},"image":{"@id":"https:\/\/stephanetetreault.com\/fr\/#\/schema\/logo\/image\/"},"sameAs":["https:\/\/www.facebook.com\/stephanecello","https:\/\/x.com\/stephanecello","https:\/\/www.instagram.com\/stephanecello","https:\/\/www.youtube.com\/user\/CapriccioMusic\/"]},{"@type":"Person","@id":"https:\/\/stephanetetreault.com\/fr\/#\/schema\/person\/a862d4025fe72c613b5eee2246a90824","name":"Stephane Tetreault","url":"https:\/\/stephanetetreault.com\/fr\/author\/quebecho\/"}]}},"_links":{"self":[{"href":"https:\/\/stephanetetreault.com\/fr\/wp-json\/wp\/v2\/posts\/1358","targetHints":{"allow":["GET"]}}],"collection":[{"href":"https:\/\/stephanetetreault.com\/fr\/wp-json\/wp\/v2\/posts"}],"about":[{"href":"https:\/\/stephanetetreault.com\/fr\/wp-json\/wp\/v2\/types\/post"}],"author":[{"embeddable":true,"href":"https:\/\/stephanetetreault.com\/fr\/wp-json\/wp\/v2\/users\/3"}],"replies":[{"embeddable":true,"href":"https:\/\/stephanetetreault.com\/fr\/wp-json\/wp\/v2\/comments?post=1358"}],"version-history":[{"count":0,"href":"https:\/\/stephanetetreault.com\/fr\/wp-json\/wp\/v2\/posts\/1358\/revisions"}],"wp:featuredmedia":[{"embeddable":true,"href":"https:\/\/stephanetetreault.com\/fr\/wp-json\/wp\/v2\/media\/2711"}],"wp:attachment":[{"href":"https:\/\/stephanetetreault.com\/fr\/wp-json\/wp\/v2\/media?parent=1358"}],"wp:term":[{"taxonomy":"category","embeddable":true,"href":"https:\/\/stephanetetreault.com\/fr\/wp-json\/wp\/v2\/categories?post=1358"},{"taxonomy":"post_tag","embeddable":true,"href":"https:\/\/stephanetetreault.com\/fr\/wp-json\/wp\/v2\/tags?post=1358"}],"curies":[{"name":"wp","href":"https:\/\/api.w.org\/{rel}","templated":true}]}}