{"id":1480,"date":"2015-04-20T23:43:33","date_gmt":"2015-04-20T23:43:33","guid":{"rendered":"http:\/\/arrierescene.com\/?p=1480\/"},"modified":"2017-07-04T04:03:18","modified_gmt":"2017-07-04T04:03:18","slug":"stephane-tetreault-et-sa-comtesse-a-la-conquete-du-monde","status":"publish","type":"post","link":"https:\/\/stephanetetreault.com\/fr\/stephane-tetreault-et-sa-comtesse-a-la-conquete-du-monde\/","title":{"rendered":"St\u00e9phane T\u00e9treault et sa Comtesse \u00e0 la conqu\u00eate du monde"},"content":{"rendered":"<div class=\"wpb-content-wrapper\"><p>[vc_row][vc_column][vc_column_text]<strong>Fran\u00e7oise Davoine<\/strong>, <em>ICI Musique<\/em><\/p>\n<p>St\u00e9phane\u00a0a eu 22 ans la semaine derni\u00e8re, et je le suis \u00e0 la trace depuis qu\u2019il a \u00e9t\u00e9 mon filleul R\u00e9v\u00e9lation classique en 2011-2012! L\u2019an dernier, il est devenu le premier laur\u00e9at de la bourse de carri\u00e8re de la Fondation P\u00e8re Lindsay\u00a0et, le mois prochain, il terminera sa ma\u00eetrise en interpr\u00e9tation \u00e0 la Facult\u00e9 de musique de l\u2019Universit\u00e9 de Montr\u00e9al.<\/p>\n<p>Depuis trois ans d\u00e9j\u00e0, il vit et parcourt le monde avec le Stradivarius \u00ab\u00a0Comtesse de Stainlein\u00a0\u00bb que lui pr\u00eate la grande m\u00e9c\u00e8ne canadienne Jacqueline Desmarais. C\u2019est une v\u00e9ritable histoire d\u2019amour qui s\u2019est instaur\u00e9e entre lui et l\u2019instrument!<\/p>\n<p>St\u00e9phane nourrit de grandes ambitions pour sa Comtesse, c\u2019est ce qu\u2019il est venu raconter la semaine derni\u00e8re aux auditeurs du <em>Printemps des musiciens.<\/em><\/p>\n<p>Lire sur <strong><a href=\"http:\/\/www.icimusique.ca\/articles\/16574\/tetreault-violoncelle-nouvellegeneration\" target=\"_blank\" rel=\"noopener noreferrer\">ICI Musique<\/a><\/strong>[\/vc_column_text][\/vc_column][\/vc_row]<\/p>\n<\/div>","protected":false},"excerpt":{"rendered":"<p>St\u00e9phane nourrit de grandes ambitions pour sa Comtesse&#8230;<\/p>\n<p><strong>Fran\u00e7oise Davoine<\/strong>, <em>ICI Musique<\/em><\/p>\n","protected":false},"author":3,"featured_media":2674,"comment_status":"closed","ping_status":"closed","sticky":false,"template":"","format":"standard","meta":{"inline_featured_image":false,"mc4wp_mailchimp_campaign":[],"footnotes":""},"categories":[40],"tags":[],"class_list":["post-1480","post","type-post","status-publish","format-standard","has-post-thumbnail","hentry","category-entrevues"],"yoast_head":"<!-- This site is optimized with the Yoast SEO plugin v27.4 - https:\/\/yoast.com\/product\/yoast-seo-wordpress\/ -->\n<title>St\u00e9phane T\u00e9treault et sa Comtesse \u00e0 la conqu\u00eate du monde - St\u00e9phane T\u00e9treault violoncelliste<\/title>\n<meta name=\"description\" content=\"St\u00e9phane nourrit de grandes ambitions pour sa Comtesse...  Fran\u00e7oise Davoine, ICI Musique\" \/>\n<meta name=\"robots\" content=\"index, follow, max-snippet:-1, max-image-preview:large, max-video-preview:-1\" \/>\n<link rel=\"canonical\" href=\"https:\/\/stephanetetreault.com\/fr\/stephane-tetreault-et-sa-comtesse-a-la-conquete-du-monde\/\" \/>\n<meta property=\"og:locale\" content=\"fr_FR\" \/>\n<meta property=\"og:type\" content=\"article\" \/>\n<meta property=\"og:title\" content=\"St\u00e9phane T\u00e9treault et sa Comtesse \u00e0 la conqu\u00eate du monde - St\u00e9phane T\u00e9treault violoncelliste\" \/>\n<meta property=\"og:description\" content=\"St\u00e9phane nourrit de grandes ambitions pour sa Comtesse...  Fran\u00e7oise Davoine, ICI Musique\" \/>\n<meta property=\"og:url\" content=\"https:\/\/stephanetetreault.com\/fr\/stephane-tetreault-et-sa-comtesse-a-la-conquete-du-monde\/\" \/>\n<meta property=\"og:site_name\" content=\"St\u00e9phane T\u00e9treault violoncelliste\" \/>\n<meta property=\"article:publisher\" content=\"https:\/\/www.facebook.com\/stephanecello\" \/>\n<meta property=\"article:published_time\" content=\"2015-04-20T23:43:33+00:00\" \/>\n<meta property=\"article:modified_time\" content=\"2017-07-04T04:03:18+00:00\" \/>\n<meta property=\"og:image\" content=\"https:\/\/stephanetetreault.com\/wp-content\/uploads\/2015\/04\/120422_yg97y_rdiweekend-davoine-tetreault_8.jpg\" \/>\n\t<meta property=\"og:image:width\" content=\"480\" \/>\n\t<meta property=\"og:image:height\" content=\"270\" \/>\n\t<meta property=\"og:image:type\" content=\"image\/jpeg\" \/>\n<meta name=\"author\" content=\"Stephane Tetreault\" \/>\n<meta name=\"twitter:card\" content=\"summary_large_image\" \/>\n<meta name=\"twitter:creator\" content=\"@stephanecello\" \/>\n<meta name=\"twitter:site\" content=\"@stephanecello\" \/>\n<meta name=\"twitter:label1\" content=\"\u00c9crit par\" \/>\n\t<meta name=\"twitter:data1\" content=\"Stephane Tetreault\" \/>\n\t<meta name=\"twitter:label2\" content=\"Dur\u00e9e de lecture estim\u00e9e\" \/>\n\t<meta name=\"twitter:data2\" content=\"1 minute\" \/>\n<script type=\"application\/ld+json\" class=\"yoast-schema-graph\">{\"@context\":\"https:\\\/\\\/schema.org\",\"@graph\":[{\"@type\":\"Article\",\"@id\":\"https:\\\/\\\/stephanetetreault.com\\\/fr\\\/stephane-tetreault-et-sa-comtesse-a-la-conquete-du-monde\\\/#article\",\"isPartOf\":{\"@id\":\"https:\\\/\\\/stephanetetreault.com\\\/fr\\\/stephane-tetreault-et-sa-comtesse-a-la-conquete-du-monde\\\/\"},\"author\":{\"name\":\"Stephane Tetreault\",\"@id\":\"https:\\\/\\\/stephanetetreault.com\\\/fr\\\/#\\\/schema\\\/person\\\/a862d4025fe72c613b5eee2246a90824\"},\"headline\":\"St\u00e9phane T\u00e9treault et sa Comtesse \u00e0 la conqu\u00eate du monde\",\"datePublished\":\"2015-04-20T23:43:33+00:00\",\"dateModified\":\"2017-07-04T04:03:18+00:00\",\"mainEntityOfPage\":{\"@id\":\"https:\\\/\\\/stephanetetreault.com\\\/fr\\\/stephane-tetreault-et-sa-comtesse-a-la-conquete-du-monde\\\/\"},\"wordCount\":181,\"publisher\":{\"@id\":\"https:\\\/\\\/stephanetetreault.com\\\/fr\\\/#organization\"},\"image\":{\"@id\":\"https:\\\/\\\/stephanetetreault.com\\\/fr\\\/stephane-tetreault-et-sa-comtesse-a-la-conquete-du-monde\\\/#primaryimage\"},\"thumbnailUrl\":\"https:\\\/\\\/stephanetetreault.com\\\/wp-content\\\/uploads\\\/2015\\\/04\\\/120422_yg97y_rdiweekend-davoine-tetreault_8.jpg\",\"articleSection\":[\"Entrevues\"],\"inLanguage\":\"fr-FR\"},{\"@type\":\"WebPage\",\"@id\":\"https:\\\/\\\/stephanetetreault.com\\\/fr\\\/stephane-tetreault-et-sa-comtesse-a-la-conquete-du-monde\\\/\",\"url\":\"https:\\\/\\\/stephanetetreault.com\\\/fr\\\/stephane-tetreault-et-sa-comtesse-a-la-conquete-du-monde\\\/\",\"name\":\"St\u00e9phane T\u00e9treault et sa Comtesse \u00e0 la conqu\u00eate du monde - St\u00e9phane T\u00e9treault violoncelliste\",\"isPartOf\":{\"@id\":\"https:\\\/\\\/stephanetetreault.com\\\/fr\\\/#website\"},\"primaryImageOfPage\":{\"@id\":\"https:\\\/\\\/stephanetetreault.com\\\/fr\\\/stephane-tetreault-et-sa-comtesse-a-la-conquete-du-monde\\\/#primaryimage\"},\"image\":{\"@id\":\"https:\\\/\\\/stephanetetreault.com\\\/fr\\\/stephane-tetreault-et-sa-comtesse-a-la-conquete-du-monde\\\/#primaryimage\"},\"thumbnailUrl\":\"https:\\\/\\\/stephanetetreault.com\\\/wp-content\\\/uploads\\\/2015\\\/04\\\/120422_yg97y_rdiweekend-davoine-tetreault_8.jpg\",\"datePublished\":\"2015-04-20T23:43:33+00:00\",\"dateModified\":\"2017-07-04T04:03:18+00:00\",\"description\":\"St\u00e9phane nourrit de grandes ambitions pour sa Comtesse... Fran\u00e7oise Davoine, ICI Musique\",\"breadcrumb\":{\"@id\":\"https:\\\/\\\/stephanetetreault.com\\\/fr\\\/stephane-tetreault-et-sa-comtesse-a-la-conquete-du-monde\\\/#breadcrumb\"},\"inLanguage\":\"fr-FR\",\"potentialAction\":[{\"@type\":\"ReadAction\",\"target\":[\"https:\\\/\\\/stephanetetreault.com\\\/fr\\\/stephane-tetreault-et-sa-comtesse-a-la-conquete-du-monde\\\/\"]}]},{\"@type\":\"ImageObject\",\"inLanguage\":\"fr-FR\",\"@id\":\"https:\\\/\\\/stephanetetreault.com\\\/fr\\\/stephane-tetreault-et-sa-comtesse-a-la-conquete-du-monde\\\/#primaryimage\",\"url\":\"https:\\\/\\\/stephanetetreault.com\\\/wp-content\\\/uploads\\\/2015\\\/04\\\/120422_yg97y_rdiweekend-davoine-tetreault_8.jpg\",\"contentUrl\":\"https:\\\/\\\/stephanetetreault.com\\\/wp-content\\\/uploads\\\/2015\\\/04\\\/120422_yg97y_rdiweekend-davoine-tetreault_8.jpg\",\"width\":480,\"height\":270},{\"@type\":\"BreadcrumbList\",\"@id\":\"https:\\\/\\\/stephanetetreault.com\\\/fr\\\/stephane-tetreault-et-sa-comtesse-a-la-conquete-du-monde\\\/#breadcrumb\",\"itemListElement\":[{\"@type\":\"ListItem\",\"position\":1,\"name\":\"Home\",\"item\":\"https:\\\/\\\/stephanetetreault.com\\\/fr\\\/\"},{\"@type\":\"ListItem\",\"position\":2,\"name\":\"St\u00e9phane T\u00e9treault et sa Comtesse \u00e0 la conqu\u00eate du monde\"}]},{\"@type\":\"WebSite\",\"@id\":\"https:\\\/\\\/stephanetetreault.com\\\/fr\\\/#website\",\"url\":\"https:\\\/\\\/stephanetetreault.com\\\/fr\\\/\",\"name\":\"St\u00e9phane T\u00e9treault violoncelliste\",\"description\":\"Violoncelliste canadien St\u00e9phane T\u00e9treault\",\"publisher\":{\"@id\":\"https:\\\/\\\/stephanetetreault.com\\\/fr\\\/#organization\"},\"potentialAction\":[{\"@type\":\"SearchAction\",\"target\":{\"@type\":\"EntryPoint\",\"urlTemplate\":\"https:\\\/\\\/stephanetetreault.com\\\/fr\\\/?s={search_term_string}\"},\"query-input\":{\"@type\":\"PropertyValueSpecification\",\"valueRequired\":true,\"valueName\":\"search_term_string\"}}],\"inLanguage\":\"fr-FR\"},{\"@type\":\"Organization\",\"@id\":\"https:\\\/\\\/stephanetetreault.com\\\/fr\\\/#organization\",\"name\":\"Stephane Tetreault\",\"url\":\"https:\\\/\\\/stephanetetreault.com\\\/fr\\\/\",\"logo\":{\"@type\":\"ImageObject\",\"inLanguage\":\"fr-FR\",\"@id\":\"https:\\\/\\\/stephanetetreault.com\\\/fr\\\/#\\\/schema\\\/logo\\\/image\\\/\",\"url\":\"https:\\\/\\\/stephanetetreault.com\\\/wp-content\\\/uploads\\\/2017\\\/06\\\/cropped-favicon_2.png\",\"contentUrl\":\"https:\\\/\\\/stephanetetreault.com\\\/wp-content\\\/uploads\\\/2017\\\/06\\\/cropped-favicon_2.png\",\"width\":512,\"height\":512,\"caption\":\"Stephane Tetreault\"},\"image\":{\"@id\":\"https:\\\/\\\/stephanetetreault.com\\\/fr\\\/#\\\/schema\\\/logo\\\/image\\\/\"},\"sameAs\":[\"https:\\\/\\\/www.facebook.com\\\/stephanecello\",\"https:\\\/\\\/x.com\\\/stephanecello\",\"https:\\\/\\\/www.instagram.com\\\/stephanecello\",\"https:\\\/\\\/www.youtube.com\\\/user\\\/CapriccioMusic\\\/\"]},{\"@type\":\"Person\",\"@id\":\"https:\\\/\\\/stephanetetreault.com\\\/fr\\\/#\\\/schema\\\/person\\\/a862d4025fe72c613b5eee2246a90824\",\"name\":\"Stephane Tetreault\",\"url\":\"https:\\\/\\\/stephanetetreault.com\\\/fr\\\/author\\\/quebecho\\\/\"}]}<\/script>\n<!-- \/ Yoast SEO plugin. -->","yoast_head_json":{"title":"St\u00e9phane T\u00e9treault et sa Comtesse \u00e0 la conqu\u00eate du monde - St\u00e9phane T\u00e9treault violoncelliste","description":"St\u00e9phane nourrit de grandes ambitions pour sa Comtesse...  Fran\u00e7oise Davoine, ICI Musique","robots":{"index":"index","follow":"follow","max-snippet":"max-snippet:-1","max-image-preview":"max-image-preview:large","max-video-preview":"max-video-preview:-1"},"canonical":"https:\/\/stephanetetreault.com\/fr\/stephane-tetreault-et-sa-comtesse-a-la-conquete-du-monde\/","og_locale":"fr_FR","og_type":"article","og_title":"St\u00e9phane T\u00e9treault et sa Comtesse \u00e0 la conqu\u00eate du monde - St\u00e9phane T\u00e9treault violoncelliste","og_description":"St\u00e9phane nourrit de grandes ambitions pour sa Comtesse...  Fran\u00e7oise Davoine, ICI Musique","og_url":"https:\/\/stephanetetreault.com\/fr\/stephane-tetreault-et-sa-comtesse-a-la-conquete-du-monde\/","og_site_name":"St\u00e9phane T\u00e9treault violoncelliste","article_publisher":"https:\/\/www.facebook.com\/stephanecello","article_published_time":"2015-04-20T23:43:33+00:00","article_modified_time":"2017-07-04T04:03:18+00:00","og_image":[{"width":480,"height":270,"url":"https:\/\/stephanetetreault.com\/wp-content\/uploads\/2015\/04\/120422_yg97y_rdiweekend-davoine-tetreault_8.jpg","type":"image\/jpeg"}],"author":"Stephane Tetreault","twitter_card":"summary_large_image","twitter_creator":"@stephanecello","twitter_site":"@stephanecello","twitter_misc":{"\u00c9crit par":"Stephane Tetreault","Dur\u00e9e de lecture estim\u00e9e":"1 minute"},"schema":{"@context":"https:\/\/schema.org","@graph":[{"@type":"Article","@id":"https:\/\/stephanetetreault.com\/fr\/stephane-tetreault-et-sa-comtesse-a-la-conquete-du-monde\/#article","isPartOf":{"@id":"https:\/\/stephanetetreault.com\/fr\/stephane-tetreault-et-sa-comtesse-a-la-conquete-du-monde\/"},"author":{"name":"Stephane Tetreault","@id":"https:\/\/stephanetetreault.com\/fr\/#\/schema\/person\/a862d4025fe72c613b5eee2246a90824"},"headline":"St\u00e9phane T\u00e9treault et sa Comtesse \u00e0 la conqu\u00eate du monde","datePublished":"2015-04-20T23:43:33+00:00","dateModified":"2017-07-04T04:03:18+00:00","mainEntityOfPage":{"@id":"https:\/\/stephanetetreault.com\/fr\/stephane-tetreault-et-sa-comtesse-a-la-conquete-du-monde\/"},"wordCount":181,"publisher":{"@id":"https:\/\/stephanetetreault.com\/fr\/#organization"},"image":{"@id":"https:\/\/stephanetetreault.com\/fr\/stephane-tetreault-et-sa-comtesse-a-la-conquete-du-monde\/#primaryimage"},"thumbnailUrl":"https:\/\/stephanetetreault.com\/wp-content\/uploads\/2015\/04\/120422_yg97y_rdiweekend-davoine-tetreault_8.jpg","articleSection":["Entrevues"],"inLanguage":"fr-FR"},{"@type":"WebPage","@id":"https:\/\/stephanetetreault.com\/fr\/stephane-tetreault-et-sa-comtesse-a-la-conquete-du-monde\/","url":"https:\/\/stephanetetreault.com\/fr\/stephane-tetreault-et-sa-comtesse-a-la-conquete-du-monde\/","name":"St\u00e9phane T\u00e9treault et sa Comtesse \u00e0 la conqu\u00eate du monde - St\u00e9phane T\u00e9treault violoncelliste","isPartOf":{"@id":"https:\/\/stephanetetreault.com\/fr\/#website"},"primaryImageOfPage":{"@id":"https:\/\/stephanetetreault.com\/fr\/stephane-tetreault-et-sa-comtesse-a-la-conquete-du-monde\/#primaryimage"},"image":{"@id":"https:\/\/stephanetetreault.com\/fr\/stephane-tetreault-et-sa-comtesse-a-la-conquete-du-monde\/#primaryimage"},"thumbnailUrl":"https:\/\/stephanetetreault.com\/wp-content\/uploads\/2015\/04\/120422_yg97y_rdiweekend-davoine-tetreault_8.jpg","datePublished":"2015-04-20T23:43:33+00:00","dateModified":"2017-07-04T04:03:18+00:00","description":"St\u00e9phane nourrit de grandes ambitions pour sa Comtesse... Fran\u00e7oise Davoine, ICI Musique","breadcrumb":{"@id":"https:\/\/stephanetetreault.com\/fr\/stephane-tetreault-et-sa-comtesse-a-la-conquete-du-monde\/#breadcrumb"},"inLanguage":"fr-FR","potentialAction":[{"@type":"ReadAction","target":["https:\/\/stephanetetreault.com\/fr\/stephane-tetreault-et-sa-comtesse-a-la-conquete-du-monde\/"]}]},{"@type":"ImageObject","inLanguage":"fr-FR","@id":"https:\/\/stephanetetreault.com\/fr\/stephane-tetreault-et-sa-comtesse-a-la-conquete-du-monde\/#primaryimage","url":"https:\/\/stephanetetreault.com\/wp-content\/uploads\/2015\/04\/120422_yg97y_rdiweekend-davoine-tetreault_8.jpg","contentUrl":"https:\/\/stephanetetreault.com\/wp-content\/uploads\/2015\/04\/120422_yg97y_rdiweekend-davoine-tetreault_8.jpg","width":480,"height":270},{"@type":"BreadcrumbList","@id":"https:\/\/stephanetetreault.com\/fr\/stephane-tetreault-et-sa-comtesse-a-la-conquete-du-monde\/#breadcrumb","itemListElement":[{"@type":"ListItem","position":1,"name":"Home","item":"https:\/\/stephanetetreault.com\/fr\/"},{"@type":"ListItem","position":2,"name":"St\u00e9phane T\u00e9treault et sa Comtesse \u00e0 la conqu\u00eate du monde"}]},{"@type":"WebSite","@id":"https:\/\/stephanetetreault.com\/fr\/#website","url":"https:\/\/stephanetetreault.com\/fr\/","name":"St\u00e9phane T\u00e9treault violoncelliste","description":"Violoncelliste canadien St\u00e9phane T\u00e9treault","publisher":{"@id":"https:\/\/stephanetetreault.com\/fr\/#organization"},"potentialAction":[{"@type":"SearchAction","target":{"@type":"EntryPoint","urlTemplate":"https:\/\/stephanetetreault.com\/fr\/?s={search_term_string}"},"query-input":{"@type":"PropertyValueSpecification","valueRequired":true,"valueName":"search_term_string"}}],"inLanguage":"fr-FR"},{"@type":"Organization","@id":"https:\/\/stephanetetreault.com\/fr\/#organization","name":"Stephane Tetreault","url":"https:\/\/stephanetetreault.com\/fr\/","logo":{"@type":"ImageObject","inLanguage":"fr-FR","@id":"https:\/\/stephanetetreault.com\/fr\/#\/schema\/logo\/image\/","url":"https:\/\/stephanetetreault.com\/wp-content\/uploads\/2017\/06\/cropped-favicon_2.png","contentUrl":"https:\/\/stephanetetreault.com\/wp-content\/uploads\/2017\/06\/cropped-favicon_2.png","width":512,"height":512,"caption":"Stephane Tetreault"},"image":{"@id":"https:\/\/stephanetetreault.com\/fr\/#\/schema\/logo\/image\/"},"sameAs":["https:\/\/www.facebook.com\/stephanecello","https:\/\/x.com\/stephanecello","https:\/\/www.instagram.com\/stephanecello","https:\/\/www.youtube.com\/user\/CapriccioMusic\/"]},{"@type":"Person","@id":"https:\/\/stephanetetreault.com\/fr\/#\/schema\/person\/a862d4025fe72c613b5eee2246a90824","name":"Stephane Tetreault","url":"https:\/\/stephanetetreault.com\/fr\/author\/quebecho\/"}]}},"_links":{"self":[{"href":"https:\/\/stephanetetreault.com\/fr\/wp-json\/wp\/v2\/posts\/1480","targetHints":{"allow":["GET"]}}],"collection":[{"href":"https:\/\/stephanetetreault.com\/fr\/wp-json\/wp\/v2\/posts"}],"about":[{"href":"https:\/\/stephanetetreault.com\/fr\/wp-json\/wp\/v2\/types\/post"}],"author":[{"embeddable":true,"href":"https:\/\/stephanetetreault.com\/fr\/wp-json\/wp\/v2\/users\/3"}],"replies":[{"embeddable":true,"href":"https:\/\/stephanetetreault.com\/fr\/wp-json\/wp\/v2\/comments?post=1480"}],"version-history":[{"count":0,"href":"https:\/\/stephanetetreault.com\/fr\/wp-json\/wp\/v2\/posts\/1480\/revisions"}],"wp:featuredmedia":[{"embeddable":true,"href":"https:\/\/stephanetetreault.com\/fr\/wp-json\/wp\/v2\/media\/2674"}],"wp:attachment":[{"href":"https:\/\/stephanetetreault.com\/fr\/wp-json\/wp\/v2\/media?parent=1480"}],"wp:term":[{"taxonomy":"category","embeddable":true,"href":"https:\/\/stephanetetreault.com\/fr\/wp-json\/wp\/v2\/categories?post=1480"},{"taxonomy":"post_tag","embeddable":true,"href":"https:\/\/stephanetetreault.com\/fr\/wp-json\/wp\/v2\/tags?post=1480"}],"curies":[{"name":"wp","href":"https:\/\/api.w.org\/{rel}","templated":true}]}}