{"id":3271,"date":"2014-07-13T13:03:36","date_gmt":"2014-07-13T13:03:36","guid":{"rendered":"http:\/\/arrierescene.com\/?p=3271\/"},"modified":"2017-07-04T12:38:07","modified_gmt":"2017-07-04T12:38:07","slug":"festival-de-lanaudiere-stephane-tetreault-heros-de-la-soiree","status":"publish","type":"post","link":"https:\/\/stephanetetreault.com\/fr\/festival-de-lanaudiere-stephane-tetreault-heros-de-la-soiree\/","title":{"rendered":"Festival de Lanaudi\u00e8re: St\u00e9phane T\u00e9treault, h\u00e9ros de la soir\u00e9e"},"content":{"rendered":"<div class=\"wpb-content-wrapper\"><p>[vc_row][vc_column][vc_column_text]<\/p>\n<p style=\"text-align: right;\"><strong>Claude Gingras<\/strong>, La Presse<\/p>\n<p>Le centre d\u2019attraction de ce programme Richard Strauss \u00e9tait cependant le jeune violoncelliste St\u00e9phane T\u00e9treault, dont le nom avait certainement compt\u00e9 pour beaucoup dans le chiffre d\u2019assistance, \u00e9valu\u00e9 \u00e0 3000 personnes. Le concert entier fut une tr\u00e8s belle r\u00e9ussite, mais ce qu\u2019on en retient d\u2019abord, c\u2019est le <em>Don Quixote<\/em>\u00a0de ce jeune musicien.<\/p>\n<p>L\u2019\u00e9tonnement est complet. Cette s\u00e9rie de 10 variations descriptives exige non seulement une immense technique de violoncelle mais aussi beaucoup de personnalit\u00e9, le soliste devant incarner le h\u00e9ros de Cervantes qui, s\u2019il est \u00e0 la fois id\u00e9aliste et irraisonn\u00e9, reste plus touchant que ridicule. Abordant cette oeuvre pour la premi\u00e8re fois, St\u00e9phane T\u00e9treault en a donn\u00e9, \u00e0 21 ans, la r\u00e9alisation d\u2019un ma\u00eetre aguerri.<\/p>\n<p>Bien que ce g\u00e9nial gar\u00e7on se montre un peu gauche dans sa pr\u00e9sentation, projet\u00e9e sur grand \u00e9cran, on devine d\u00e9j\u00e0 que cette oeuvre, il la comprend. Lorsqu\u2019il s\u2019y abandonne, fixant le ciel ou pench\u00e9 sur son fameux Stradivarius qui fait corps avec lui, il devient, pour ainsi dire, Don Quichotte, avec toutes ses contradictions et ses hallucinations. Les derni\u00e8res pages, o\u00f9 le violoncelle s\u2019\u00e9teint en m\u00eame temps que meurt notre h\u00e9ros, furent absolument troublantes.<\/p>\n<p>Lire sur <a href=\"http:\/\/www.lapresse.ca\/arts\/festivals\/festival-de-lanaudiere\/201407\/13\/01-4783451-festival-de-lanaudiere-stephane-tetreault-heros-de-la-soiree.php\" target=\"_blank\" rel=\"noopener\"><strong>La Presse<\/strong><\/a>[\/vc_column_text][\/vc_column][\/vc_row]<\/p>\n<\/div>","protected":false},"excerpt":{"rendered":"<p>Les derni\u00e8res pages, o\u00f9 le violoncelle s&rsquo;\u00e9teint en m\u00eame temps que meurt notre h\u00e9ros, furent absolument troublantes.<\/p>\n<p><strong>Claude Gingras<\/strong>, <em>La Presse<\/em><\/p>\n","protected":false},"author":3,"featured_media":3273,"comment_status":"closed","ping_status":"closed","sticky":false,"template":"","format":"standard","meta":{"inline_featured_image":false,"mc4wp_mailchimp_campaign":[],"footnotes":""},"categories":[141],"tags":[],"class_list":["post-3271","post","type-post","status-publish","format-standard","has-post-thumbnail","hentry","category-critiques"],"yoast_head":"<!-- This site is optimized with the Yoast SEO plugin v27.5 - https:\/\/yoast.com\/product\/yoast-seo-wordpress\/ -->\n<title>Festival de Lanaudi\u00e8re: St\u00e9phane T\u00e9treault, h\u00e9ros de la soir\u00e9e - St\u00e9phane T\u00e9treault violoncelliste<\/title>\n<meta name=\"description\" content=\"Les derni\u00e8res pages, o\u00f9 le violoncelle s&#039;\u00e9teint en m\u00eame temps que meurt notre h\u00e9ros, furent absolument troublantes.  Claude Gingras, La Presse\" \/>\n<meta name=\"robots\" content=\"index, follow, max-snippet:-1, max-image-preview:large, max-video-preview:-1\" \/>\n<link rel=\"canonical\" href=\"https:\/\/stephanetetreault.com\/fr\/festival-de-lanaudiere-stephane-tetreault-heros-de-la-soiree\/\" \/>\n<meta property=\"og:locale\" content=\"fr_FR\" \/>\n<meta property=\"og:type\" content=\"article\" \/>\n<meta property=\"og:title\" content=\"Festival de Lanaudi\u00e8re: St\u00e9phane T\u00e9treault, h\u00e9ros de la soir\u00e9e - St\u00e9phane T\u00e9treault violoncelliste\" \/>\n<meta property=\"og:description\" content=\"Les derni\u00e8res pages, o\u00f9 le violoncelle s&#039;\u00e9teint en m\u00eame temps que meurt notre h\u00e9ros, furent absolument troublantes.  Claude Gingras, La Presse\" \/>\n<meta property=\"og:url\" content=\"https:\/\/stephanetetreault.com\/fr\/festival-de-lanaudiere-stephane-tetreault-heros-de-la-soiree\/\" \/>\n<meta property=\"og:site_name\" content=\"St\u00e9phane T\u00e9treault violoncelliste\" \/>\n<meta property=\"article:publisher\" content=\"https:\/\/www.facebook.com\/stephanecello\" \/>\n<meta property=\"article:published_time\" content=\"2014-07-13T13:03:36+00:00\" \/>\n<meta property=\"article:modified_time\" content=\"2017-07-04T12:38:07+00:00\" \/>\n<meta property=\"og:image\" content=\"https:\/\/stephanetetreault.com\/wp-content\/uploads\/2014\/07\/879581-stephane-tetreault-violoncelle-avec-jean.jpg\" \/>\n\t<meta property=\"og:image:width\" content=\"923\" \/>\n\t<meta property=\"og:image:height\" content=\"615\" \/>\n\t<meta property=\"og:image:type\" content=\"image\/jpeg\" \/>\n<meta name=\"author\" content=\"Stephane Tetreault\" \/>\n<meta name=\"twitter:card\" content=\"summary_large_image\" \/>\n<meta name=\"twitter:creator\" content=\"@stephanecello\" \/>\n<meta name=\"twitter:site\" content=\"@stephanecello\" \/>\n<meta name=\"twitter:label1\" content=\"\u00c9crit par\" \/>\n\t<meta name=\"twitter:data1\" content=\"Stephane Tetreault\" \/>\n\t<meta name=\"twitter:label2\" content=\"Dur\u00e9e de lecture estim\u00e9e\" \/>\n\t<meta name=\"twitter:data2\" content=\"1 minute\" \/>\n<script type=\"application\/ld+json\" class=\"yoast-schema-graph\">{\"@context\":\"https:\\\/\\\/schema.org\",\"@graph\":[{\"@type\":\"Article\",\"@id\":\"https:\\\/\\\/stephanetetreault.com\\\/fr\\\/festival-de-lanaudiere-stephane-tetreault-heros-de-la-soiree\\\/#article\",\"isPartOf\":{\"@id\":\"https:\\\/\\\/stephanetetreault.com\\\/fr\\\/festival-de-lanaudiere-stephane-tetreault-heros-de-la-soiree\\\/\"},\"author\":{\"name\":\"Stephane Tetreault\",\"@id\":\"https:\\\/\\\/stephanetetreault.com\\\/fr\\\/#\\\/schema\\\/person\\\/a862d4025fe72c613b5eee2246a90824\"},\"headline\":\"Festival de Lanaudi\u00e8re: St\u00e9phane T\u00e9treault, h\u00e9ros de la soir\u00e9e\",\"datePublished\":\"2014-07-13T13:03:36+00:00\",\"dateModified\":\"2017-07-04T12:38:07+00:00\",\"mainEntityOfPage\":{\"@id\":\"https:\\\/\\\/stephanetetreault.com\\\/fr\\\/festival-de-lanaudiere-stephane-tetreault-heros-de-la-soiree\\\/\"},\"wordCount\":252,\"publisher\":{\"@id\":\"https:\\\/\\\/stephanetetreault.com\\\/fr\\\/#organization\"},\"image\":{\"@id\":\"https:\\\/\\\/stephanetetreault.com\\\/fr\\\/festival-de-lanaudiere-stephane-tetreault-heros-de-la-soiree\\\/#primaryimage\"},\"thumbnailUrl\":\"https:\\\/\\\/stephanetetreault.com\\\/wp-content\\\/uploads\\\/2014\\\/07\\\/879581-stephane-tetreault-violoncelle-avec-jean.jpg\",\"articleSection\":[\"Critiques\"],\"inLanguage\":\"fr-FR\"},{\"@type\":\"WebPage\",\"@id\":\"https:\\\/\\\/stephanetetreault.com\\\/fr\\\/festival-de-lanaudiere-stephane-tetreault-heros-de-la-soiree\\\/\",\"url\":\"https:\\\/\\\/stephanetetreault.com\\\/fr\\\/festival-de-lanaudiere-stephane-tetreault-heros-de-la-soiree\\\/\",\"name\":\"Festival de Lanaudi\u00e8re: St\u00e9phane T\u00e9treault, h\u00e9ros de la soir\u00e9e - St\u00e9phane T\u00e9treault violoncelliste\",\"isPartOf\":{\"@id\":\"https:\\\/\\\/stephanetetreault.com\\\/fr\\\/#website\"},\"primaryImageOfPage\":{\"@id\":\"https:\\\/\\\/stephanetetreault.com\\\/fr\\\/festival-de-lanaudiere-stephane-tetreault-heros-de-la-soiree\\\/#primaryimage\"},\"image\":{\"@id\":\"https:\\\/\\\/stephanetetreault.com\\\/fr\\\/festival-de-lanaudiere-stephane-tetreault-heros-de-la-soiree\\\/#primaryimage\"},\"thumbnailUrl\":\"https:\\\/\\\/stephanetetreault.com\\\/wp-content\\\/uploads\\\/2014\\\/07\\\/879581-stephane-tetreault-violoncelle-avec-jean.jpg\",\"datePublished\":\"2014-07-13T13:03:36+00:00\",\"dateModified\":\"2017-07-04T12:38:07+00:00\",\"description\":\"Les derni\u00e8res pages, o\u00f9 le violoncelle s'\u00e9teint en m\u00eame temps que meurt notre h\u00e9ros, furent absolument troublantes. Claude Gingras, La Presse\",\"breadcrumb\":{\"@id\":\"https:\\\/\\\/stephanetetreault.com\\\/fr\\\/festival-de-lanaudiere-stephane-tetreault-heros-de-la-soiree\\\/#breadcrumb\"},\"inLanguage\":\"fr-FR\",\"potentialAction\":[{\"@type\":\"ReadAction\",\"target\":[\"https:\\\/\\\/stephanetetreault.com\\\/fr\\\/festival-de-lanaudiere-stephane-tetreault-heros-de-la-soiree\\\/\"]}]},{\"@type\":\"ImageObject\",\"inLanguage\":\"fr-FR\",\"@id\":\"https:\\\/\\\/stephanetetreault.com\\\/fr\\\/festival-de-lanaudiere-stephane-tetreault-heros-de-la-soiree\\\/#primaryimage\",\"url\":\"https:\\\/\\\/stephanetetreault.com\\\/wp-content\\\/uploads\\\/2014\\\/07\\\/879581-stephane-tetreault-violoncelle-avec-jean.jpg\",\"contentUrl\":\"https:\\\/\\\/stephanetetreault.com\\\/wp-content\\\/uploads\\\/2014\\\/07\\\/879581-stephane-tetreault-violoncelle-avec-jean.jpg\",\"width\":923,\"height\":615},{\"@type\":\"BreadcrumbList\",\"@id\":\"https:\\\/\\\/stephanetetreault.com\\\/fr\\\/festival-de-lanaudiere-stephane-tetreault-heros-de-la-soiree\\\/#breadcrumb\",\"itemListElement\":[{\"@type\":\"ListItem\",\"position\":1,\"name\":\"Home\",\"item\":\"https:\\\/\\\/stephanetetreault.com\\\/fr\\\/\"},{\"@type\":\"ListItem\",\"position\":2,\"name\":\"Festival de Lanaudi\u00e8re: St\u00e9phane T\u00e9treault, h\u00e9ros de la soir\u00e9e\"}]},{\"@type\":\"WebSite\",\"@id\":\"https:\\\/\\\/stephanetetreault.com\\\/fr\\\/#website\",\"url\":\"https:\\\/\\\/stephanetetreault.com\\\/fr\\\/\",\"name\":\"St\u00e9phane T\u00e9treault violoncelliste\",\"description\":\"Violoncelliste canadien St\u00e9phane T\u00e9treault\",\"publisher\":{\"@id\":\"https:\\\/\\\/stephanetetreault.com\\\/fr\\\/#organization\"},\"potentialAction\":[{\"@type\":\"SearchAction\",\"target\":{\"@type\":\"EntryPoint\",\"urlTemplate\":\"https:\\\/\\\/stephanetetreault.com\\\/fr\\\/?s={search_term_string}\"},\"query-input\":{\"@type\":\"PropertyValueSpecification\",\"valueRequired\":true,\"valueName\":\"search_term_string\"}}],\"inLanguage\":\"fr-FR\"},{\"@type\":\"Organization\",\"@id\":\"https:\\\/\\\/stephanetetreault.com\\\/fr\\\/#organization\",\"name\":\"Stephane Tetreault\",\"url\":\"https:\\\/\\\/stephanetetreault.com\\\/fr\\\/\",\"logo\":{\"@type\":\"ImageObject\",\"inLanguage\":\"fr-FR\",\"@id\":\"https:\\\/\\\/stephanetetreault.com\\\/fr\\\/#\\\/schema\\\/logo\\\/image\\\/\",\"url\":\"https:\\\/\\\/stephanetetreault.com\\\/wp-content\\\/uploads\\\/2017\\\/06\\\/cropped-favicon_2.png\",\"contentUrl\":\"https:\\\/\\\/stephanetetreault.com\\\/wp-content\\\/uploads\\\/2017\\\/06\\\/cropped-favicon_2.png\",\"width\":512,\"height\":512,\"caption\":\"Stephane Tetreault\"},\"image\":{\"@id\":\"https:\\\/\\\/stephanetetreault.com\\\/fr\\\/#\\\/schema\\\/logo\\\/image\\\/\"},\"sameAs\":[\"https:\\\/\\\/www.facebook.com\\\/stephanecello\",\"https:\\\/\\\/x.com\\\/stephanecello\",\"https:\\\/\\\/www.instagram.com\\\/stephanecello\",\"https:\\\/\\\/www.youtube.com\\\/user\\\/CapriccioMusic\\\/\"]},{\"@type\":\"Person\",\"@id\":\"https:\\\/\\\/stephanetetreault.com\\\/fr\\\/#\\\/schema\\\/person\\\/a862d4025fe72c613b5eee2246a90824\",\"name\":\"Stephane Tetreault\",\"url\":\"https:\\\/\\\/stephanetetreault.com\\\/fr\\\/author\\\/quebecho\\\/\"}]}<\/script>\n<!-- \/ Yoast SEO plugin. -->","yoast_head_json":{"title":"Festival de Lanaudi\u00e8re: St\u00e9phane T\u00e9treault, h\u00e9ros de la soir\u00e9e - St\u00e9phane T\u00e9treault violoncelliste","description":"Les derni\u00e8res pages, o\u00f9 le violoncelle s'\u00e9teint en m\u00eame temps que meurt notre h\u00e9ros, furent absolument troublantes.  Claude Gingras, La Presse","robots":{"index":"index","follow":"follow","max-snippet":"max-snippet:-1","max-image-preview":"max-image-preview:large","max-video-preview":"max-video-preview:-1"},"canonical":"https:\/\/stephanetetreault.com\/fr\/festival-de-lanaudiere-stephane-tetreault-heros-de-la-soiree\/","og_locale":"fr_FR","og_type":"article","og_title":"Festival de Lanaudi\u00e8re: St\u00e9phane T\u00e9treault, h\u00e9ros de la soir\u00e9e - St\u00e9phane T\u00e9treault violoncelliste","og_description":"Les derni\u00e8res pages, o\u00f9 le violoncelle s'\u00e9teint en m\u00eame temps que meurt notre h\u00e9ros, furent absolument troublantes.  Claude Gingras, La Presse","og_url":"https:\/\/stephanetetreault.com\/fr\/festival-de-lanaudiere-stephane-tetreault-heros-de-la-soiree\/","og_site_name":"St\u00e9phane T\u00e9treault violoncelliste","article_publisher":"https:\/\/www.facebook.com\/stephanecello","article_published_time":"2014-07-13T13:03:36+00:00","article_modified_time":"2017-07-04T12:38:07+00:00","og_image":[{"width":923,"height":615,"url":"https:\/\/stephanetetreault.com\/wp-content\/uploads\/2014\/07\/879581-stephane-tetreault-violoncelle-avec-jean.jpg","type":"image\/jpeg"}],"author":"Stephane Tetreault","twitter_card":"summary_large_image","twitter_creator":"@stephanecello","twitter_site":"@stephanecello","twitter_misc":{"\u00c9crit par":"Stephane Tetreault","Dur\u00e9e de lecture estim\u00e9e":"1 minute"},"schema":{"@context":"https:\/\/schema.org","@graph":[{"@type":"Article","@id":"https:\/\/stephanetetreault.com\/fr\/festival-de-lanaudiere-stephane-tetreault-heros-de-la-soiree\/#article","isPartOf":{"@id":"https:\/\/stephanetetreault.com\/fr\/festival-de-lanaudiere-stephane-tetreault-heros-de-la-soiree\/"},"author":{"name":"Stephane Tetreault","@id":"https:\/\/stephanetetreault.com\/fr\/#\/schema\/person\/a862d4025fe72c613b5eee2246a90824"},"headline":"Festival de Lanaudi\u00e8re: St\u00e9phane T\u00e9treault, h\u00e9ros de la soir\u00e9e","datePublished":"2014-07-13T13:03:36+00:00","dateModified":"2017-07-04T12:38:07+00:00","mainEntityOfPage":{"@id":"https:\/\/stephanetetreault.com\/fr\/festival-de-lanaudiere-stephane-tetreault-heros-de-la-soiree\/"},"wordCount":252,"publisher":{"@id":"https:\/\/stephanetetreault.com\/fr\/#organization"},"image":{"@id":"https:\/\/stephanetetreault.com\/fr\/festival-de-lanaudiere-stephane-tetreault-heros-de-la-soiree\/#primaryimage"},"thumbnailUrl":"https:\/\/stephanetetreault.com\/wp-content\/uploads\/2014\/07\/879581-stephane-tetreault-violoncelle-avec-jean.jpg","articleSection":["Critiques"],"inLanguage":"fr-FR"},{"@type":"WebPage","@id":"https:\/\/stephanetetreault.com\/fr\/festival-de-lanaudiere-stephane-tetreault-heros-de-la-soiree\/","url":"https:\/\/stephanetetreault.com\/fr\/festival-de-lanaudiere-stephane-tetreault-heros-de-la-soiree\/","name":"Festival de Lanaudi\u00e8re: St\u00e9phane T\u00e9treault, h\u00e9ros de la soir\u00e9e - St\u00e9phane T\u00e9treault violoncelliste","isPartOf":{"@id":"https:\/\/stephanetetreault.com\/fr\/#website"},"primaryImageOfPage":{"@id":"https:\/\/stephanetetreault.com\/fr\/festival-de-lanaudiere-stephane-tetreault-heros-de-la-soiree\/#primaryimage"},"image":{"@id":"https:\/\/stephanetetreault.com\/fr\/festival-de-lanaudiere-stephane-tetreault-heros-de-la-soiree\/#primaryimage"},"thumbnailUrl":"https:\/\/stephanetetreault.com\/wp-content\/uploads\/2014\/07\/879581-stephane-tetreault-violoncelle-avec-jean.jpg","datePublished":"2014-07-13T13:03:36+00:00","dateModified":"2017-07-04T12:38:07+00:00","description":"Les derni\u00e8res pages, o\u00f9 le violoncelle s'\u00e9teint en m\u00eame temps que meurt notre h\u00e9ros, furent absolument troublantes. Claude Gingras, La Presse","breadcrumb":{"@id":"https:\/\/stephanetetreault.com\/fr\/festival-de-lanaudiere-stephane-tetreault-heros-de-la-soiree\/#breadcrumb"},"inLanguage":"fr-FR","potentialAction":[{"@type":"ReadAction","target":["https:\/\/stephanetetreault.com\/fr\/festival-de-lanaudiere-stephane-tetreault-heros-de-la-soiree\/"]}]},{"@type":"ImageObject","inLanguage":"fr-FR","@id":"https:\/\/stephanetetreault.com\/fr\/festival-de-lanaudiere-stephane-tetreault-heros-de-la-soiree\/#primaryimage","url":"https:\/\/stephanetetreault.com\/wp-content\/uploads\/2014\/07\/879581-stephane-tetreault-violoncelle-avec-jean.jpg","contentUrl":"https:\/\/stephanetetreault.com\/wp-content\/uploads\/2014\/07\/879581-stephane-tetreault-violoncelle-avec-jean.jpg","width":923,"height":615},{"@type":"BreadcrumbList","@id":"https:\/\/stephanetetreault.com\/fr\/festival-de-lanaudiere-stephane-tetreault-heros-de-la-soiree\/#breadcrumb","itemListElement":[{"@type":"ListItem","position":1,"name":"Home","item":"https:\/\/stephanetetreault.com\/fr\/"},{"@type":"ListItem","position":2,"name":"Festival de Lanaudi\u00e8re: St\u00e9phane T\u00e9treault, h\u00e9ros de la soir\u00e9e"}]},{"@type":"WebSite","@id":"https:\/\/stephanetetreault.com\/fr\/#website","url":"https:\/\/stephanetetreault.com\/fr\/","name":"St\u00e9phane T\u00e9treault violoncelliste","description":"Violoncelliste canadien St\u00e9phane T\u00e9treault","publisher":{"@id":"https:\/\/stephanetetreault.com\/fr\/#organization"},"potentialAction":[{"@type":"SearchAction","target":{"@type":"EntryPoint","urlTemplate":"https:\/\/stephanetetreault.com\/fr\/?s={search_term_string}"},"query-input":{"@type":"PropertyValueSpecification","valueRequired":true,"valueName":"search_term_string"}}],"inLanguage":"fr-FR"},{"@type":"Organization","@id":"https:\/\/stephanetetreault.com\/fr\/#organization","name":"Stephane Tetreault","url":"https:\/\/stephanetetreault.com\/fr\/","logo":{"@type":"ImageObject","inLanguage":"fr-FR","@id":"https:\/\/stephanetetreault.com\/fr\/#\/schema\/logo\/image\/","url":"https:\/\/stephanetetreault.com\/wp-content\/uploads\/2017\/06\/cropped-favicon_2.png","contentUrl":"https:\/\/stephanetetreault.com\/wp-content\/uploads\/2017\/06\/cropped-favicon_2.png","width":512,"height":512,"caption":"Stephane Tetreault"},"image":{"@id":"https:\/\/stephanetetreault.com\/fr\/#\/schema\/logo\/image\/"},"sameAs":["https:\/\/www.facebook.com\/stephanecello","https:\/\/x.com\/stephanecello","https:\/\/www.instagram.com\/stephanecello","https:\/\/www.youtube.com\/user\/CapriccioMusic\/"]},{"@type":"Person","@id":"https:\/\/stephanetetreault.com\/fr\/#\/schema\/person\/a862d4025fe72c613b5eee2246a90824","name":"Stephane Tetreault","url":"https:\/\/stephanetetreault.com\/fr\/author\/quebecho\/"}]}},"_links":{"self":[{"href":"https:\/\/stephanetetreault.com\/fr\/wp-json\/wp\/v2\/posts\/3271","targetHints":{"allow":["GET"]}}],"collection":[{"href":"https:\/\/stephanetetreault.com\/fr\/wp-json\/wp\/v2\/posts"}],"about":[{"href":"https:\/\/stephanetetreault.com\/fr\/wp-json\/wp\/v2\/types\/post"}],"author":[{"embeddable":true,"href":"https:\/\/stephanetetreault.com\/fr\/wp-json\/wp\/v2\/users\/3"}],"replies":[{"embeddable":true,"href":"https:\/\/stephanetetreault.com\/fr\/wp-json\/wp\/v2\/comments?post=3271"}],"version-history":[{"count":0,"href":"https:\/\/stephanetetreault.com\/fr\/wp-json\/wp\/v2\/posts\/3271\/revisions"}],"wp:featuredmedia":[{"embeddable":true,"href":"https:\/\/stephanetetreault.com\/fr\/wp-json\/wp\/v2\/media\/3273"}],"wp:attachment":[{"href":"https:\/\/stephanetetreault.com\/fr\/wp-json\/wp\/v2\/media?parent=3271"}],"wp:term":[{"taxonomy":"category","embeddable":true,"href":"https:\/\/stephanetetreault.com\/fr\/wp-json\/wp\/v2\/categories?post=3271"},{"taxonomy":"post_tag","embeddable":true,"href":"https:\/\/stephanetetreault.com\/fr\/wp-json\/wp\/v2\/tags?post=3271"}],"curies":[{"name":"wp","href":"https:\/\/api.w.org\/{rel}","templated":true}]}}